{"id":1136,"date":"2011-06-30T19:14:25","date_gmt":"2011-06-30T17:14:25","guid":{"rendered":"http:\/\/liseduclaux.be\/blog\/?p=1136"},"modified":"2022-12-13T10:29:16","modified_gmt":"2022-12-13T09:29:16","slug":"je-ten-tamponne-surtout-et-pour-rien-3hk-et-pori-art-museum","status":"publish","type":"post","link":"https:\/\/liseduclaux.be\/blog\/?p=1136","title":{"rendered":"Je t'en tamponne surtout et pour rien, 3H+K et Pori Art Museum"},"content":{"rendered":"<p><span style=\"color: #ff0000;\"><em>encore plus haut en bord d'estuaire<\/em><\/span><br \/>\navec Julien Celdran, Dialogist-kantor, J\u00e9r\u00f4me Giller, Bernard Mulliez et Manu T\u00eate<\/p>\n<p><em>Vagabondages,<\/em> le 30 avril<br \/>\n<strong>galerie 3H+K<\/strong><br \/>\nItsen\u00e4isyydenkatu 47, 28100 Pori, Finland<\/p>\n<p>le 4 mai de 18h30 \u00e0 20h<br \/>\n<strong>Porin Tadeimuseo \/ Pori Art Museum<\/strong><br \/>\nEtel\u00e4ranta, 28100 Pori, finland<\/p>\n<p><a href=\"http:\/\/www.dailymotion.com\/video\/xp5u5p_travelnote_creation\" target=\"_blank\" rel=\"noopener\">liens: travel note - film carnet de voyage de Bernard Mulliez<\/a><\/p>\n<p>Presse, Pori\u00a0: Satakunan Kansa, 2 Mai 2011<br \/>\n<img loading=\"lazy\" decoding=\"async\" class=\"aligncenter size-full wp-image-1216\" title=\"presse finlande_0-satakunan\" src=\"http:\/\/liseduclaux.be\/blog\/wp-content\/uploads\/2011\/06\/presse-finlande_0-satakunan.jpg\" alt=\"\" width=\"600\" height=\"758\" srcset=\"https:\/\/liseduclaux.be\/blog\/wp-content\/uploads\/2011\/06\/presse-finlande_0-satakunan.jpg 600w, https:\/\/liseduclaux.be\/blog\/wp-content\/uploads\/2011\/06\/presse-finlande_0-satakunan-237x300.jpg 237w\" sizes=\"(max-width: 600px) 100vw, 600px\" \/> <span style=\"color: #ff0000;\"><strong> <\/strong><\/span><\/p>\n<p><span style=\"color: #ffffff;\">a<\/span><\/p>\n<p><span style=\"color: #ff0000;\"><strong>registre des tamponn\u00e9s du n\u00b0000088 au n\u00b0000110<\/strong><\/span> sur bras, cous, joue, jambes, front, mains, \u0153uvre d\u2019art peinte, \u0153uvre  d\u2019art en papier, carton d\u2019invitation, porte monnaie, T-shirt, pantalon,  boite d\u2019allumette, carnet<\/p>\n<p><strong>galerie 3H+K<\/strong><\/p>\n<p><img loading=\"lazy\" decoding=\"async\" class=\"aligncenter size-full wp-image-1169\" title=\"Pori_IMG_0471\" src=\"http:\/\/liseduclaux.be\/blog\/wp-content\/uploads\/2011\/06\/Pori_IMG_0471.jpg\" alt=\"\" width=\"581\" height=\"438\" srcset=\"https:\/\/liseduclaux.be\/blog\/wp-content\/uploads\/2011\/06\/Pori_IMG_0471.jpg 581w, https:\/\/liseduclaux.be\/blog\/wp-content\/uploads\/2011\/06\/Pori_IMG_0471-300x226.jpg 300w\" sizes=\"(max-width: 581px) 100vw, 581px\" \/><\/p>\n<p><img loading=\"lazy\" decoding=\"async\" class=\"aligncenter size-full wp-image-1208\" title=\"Pori_IMG_0472\" src=\"http:\/\/liseduclaux.be\/blog\/wp-content\/uploads\/2011\/06\/Pori_IMG_0472.jpg\" alt=\"\" width=\"600\" height=\"445\" srcset=\"https:\/\/liseduclaux.be\/blog\/wp-content\/uploads\/2011\/06\/Pori_IMG_0472.jpg 600w, https:\/\/liseduclaux.be\/blog\/wp-content\/uploads\/2011\/06\/Pori_IMG_0472-300x222.jpg 300w\" sizes=\"(max-width: 600px) 100vw, 600px\" \/><\/p>\n<p><img loading=\"lazy\" decoding=\"async\" class=\"aligncenter size-full wp-image-1170\" title=\"Pori_IMG_0474\" src=\"http:\/\/liseduclaux.be\/blog\/wp-content\/uploads\/2011\/06\/Pori_IMG_0474.jpg\" alt=\"\" width=\"600\" height=\"445\" srcset=\"https:\/\/liseduclaux.be\/blog\/wp-content\/uploads\/2011\/06\/Pori_IMG_0474.jpg 600w, https:\/\/liseduclaux.be\/blog\/wp-content\/uploads\/2011\/06\/Pori_IMG_0474-300x222.jpg 300w\" sizes=\"(max-width: 600px) 100vw, 600px\" \/><\/p>\n<p><strong>Porin Tadeimuseo \/ Pori Art Museum<\/strong><br \/>\nmerci pour la photo \u00a9 Jan Virtasen<\/p>\n<p><img loading=\"lazy\" decoding=\"async\" class=\"aligncenter size-full wp-image-1171\" title=\"Pori_jan_virtasen_MG_1548\" src=\"http:\/\/liseduclaux.be\/blog\/wp-content\/uploads\/2011\/06\/Pori_jan_virtasen_MG_1548.jpg\" alt=\"\" width=\"600\" height=\"400\" srcset=\"https:\/\/liseduclaux.be\/blog\/wp-content\/uploads\/2011\/06\/Pori_jan_virtasen_MG_1548.jpg 600w, https:\/\/liseduclaux.be\/blog\/wp-content\/uploads\/2011\/06\/Pori_jan_virtasen_MG_1548-300x200.jpg 300w\" sizes=\"(max-width: 600px) 100vw, 600px\" \/><\/p>\n<p>merci pour les photos ci-dessous \u00a9 J\u00e9r\u00f4me Giller<\/p>\n<p><img loading=\"lazy\" decoding=\"async\" class=\"aligncenter size-full wp-image-1175\" title=\"pori_j\u00e9rome_CRW_3084\" src=\"http:\/\/liseduclaux.be\/blog\/wp-content\/uploads\/2011\/06\/pori_j\u00e9rome_CRW_3084.jpg\" alt=\"\" width=\"600\" height=\"400\" srcset=\"https:\/\/liseduclaux.be\/blog\/wp-content\/uploads\/2011\/06\/pori_j\u00e9rome_CRW_3084.jpg 600w, https:\/\/liseduclaux.be\/blog\/wp-content\/uploads\/2011\/06\/pori_j\u00e9rome_CRW_3084-300x200.jpg 300w\" sizes=\"(max-width: 600px) 100vw, 600px\" \/><\/p>\n<p><img loading=\"lazy\" decoding=\"async\" class=\"aligncenter size-full wp-image-1231\" title=\"PoriCRW_3088\" src=\"http:\/\/liseduclaux.be\/blog\/wp-content\/uploads\/2011\/06\/PoriCRW_30881.jpg\" alt=\"\" width=\"600\" height=\"200\" srcset=\"https:\/\/liseduclaux.be\/blog\/wp-content\/uploads\/2011\/06\/PoriCRW_30881.jpg 600w, https:\/\/liseduclaux.be\/blog\/wp-content\/uploads\/2011\/06\/PoriCRW_30881-300x100.jpg 300w\" sizes=\"(max-width: 600px) 100vw, 600px\" \/><\/p>\n","protected":false},"excerpt":{"rendered":"<p>encore plus haut en bord d'estuaire avec Julien Celdran, Dialogist-kantor, J\u00e9r\u00f4me Giller, Bernard Mulliez et Manu T\u00eate Vagabondages, le 30 avril galerie 3H+K Itsen\u00e4isyydenkatu 47, 28100 Pori, Finland le 4 mai de 18h30 \u00e0 20h Porin Tadeimuseo \/ Pori Art Museum Etel\u00e4ranta, 28100 Pori, finland liens: travel note - film carnet de voyage de Bernard [&hellip;]<\/p>\n","protected":false},"author":1,"featured_media":0,"comment_status":"closed","ping_status":"closed","sticky":false,"template":"","format":"standard","meta":{"footnotes":""},"categories":[33],"tags":[],"_links":{"self":[{"href":"https:\/\/liseduclaux.be\/blog\/index.php?rest_route=\/wp\/v2\/posts\/1136"}],"collection":[{"href":"https:\/\/liseduclaux.be\/blog\/index.php?rest_route=\/wp\/v2\/posts"}],"about":[{"href":"https:\/\/liseduclaux.be\/blog\/index.php?rest_route=\/wp\/v2\/types\/post"}],"author":[{"embeddable":true,"href":"https:\/\/liseduclaux.be\/blog\/index.php?rest_route=\/wp\/v2\/users\/1"}],"replies":[{"embeddable":true,"href":"https:\/\/liseduclaux.be\/blog\/index.php?rest_route=%2Fwp%2Fv2%2Fcomments&post=1136"}],"version-history":[{"count":35,"href":"https:\/\/liseduclaux.be\/blog\/index.php?rest_route=\/wp\/v2\/posts\/1136\/revisions"}],"predecessor-version":[{"id":5795,"href":"https:\/\/liseduclaux.be\/blog\/index.php?rest_route=\/wp\/v2\/posts\/1136\/revisions\/5795"}],"wp:attachment":[{"href":"https:\/\/liseduclaux.be\/blog\/index.php?rest_route=%2Fwp%2Fv2%2Fmedia&parent=1136"}],"wp:term":[{"taxonomy":"category","embeddable":true,"href":"https:\/\/liseduclaux.be\/blog\/index.php?rest_route=%2Fwp%2Fv2%2Fcategories&post=1136"},{"taxonomy":"post_tag","embeddable":true,"href":"https:\/\/liseduclaux.be\/blog\/index.php?rest_route=%2Fwp%2Fv2%2Ftags&post=1136"}],"curies":[{"name":"wp","href":"https:\/\/api.w.org\/{rel}","templated":true}]}}