{"id":1523,"date":"2011-09-30T18:42:41","date_gmt":"2011-09-30T17:42:41","guid":{"rendered":"http:\/\/liseduclaux.be\/blog\/?p=1523"},"modified":"2015-08-26T09:54:42","modified_gmt":"2015-08-26T07:54:42","slug":"il-faut-que-jaille-me-promener","status":"publish","type":"post","link":"https:\/\/liseduclaux.be\/blog\/?p=1523","title":{"rendered":"il faut que j'aille me promener"},"content":{"rendered":"<h3>tentative d\u2019approfondissement du quotidien - la promenade, ou l'art d'\u00eatre perdue sans se perdre dans l'entre-vall\u00e9e<\/h3>\n<p><strong>s\u00e9rigraphies - silkscreen on paper<\/strong><br \/>\nr\u00e9alis\u00e9es au <strong>Frans Masereel Centrum<\/strong><\/p>\n<p>il faut que j'aille me promener, 2011, 72 x 51 cm<\/p>\n<p><img loading=\"lazy\" decoding=\"async\" class=\"aligncenter size-full wp-image-1584\" title=\"_AVR9415\" src=\"http:\/\/liseduclaux.be\/blog\/wp-content\/uploads\/2012\/02\/AVR94152.jpg\" alt=\"\" width=\"400\" height=\"568\" srcset=\"https:\/\/liseduclaux.be\/blog\/wp-content\/uploads\/2012\/02\/AVR94152.jpg 400w, https:\/\/liseduclaux.be\/blog\/wp-content\/uploads\/2012\/02\/AVR94152-211x300.jpg 211w\" sizes=\"(max-width: 400px) 100vw, 400px\" \/>4 exemplaires<\/p>\n<p><strong><img loading=\"lazy\" decoding=\"async\" class=\"aligncenter size-full wp-image-1480\" title=\"_AVR9412\" src=\"http:\/\/liseduclaux.be\/blog\/wp-content\/uploads\/2012\/02\/AVR9412.jpg\" alt=\"\" width=\"400\" height=\"567\" srcset=\"https:\/\/liseduclaux.be\/blog\/wp-content\/uploads\/2012\/02\/AVR9412.jpg 400w, https:\/\/liseduclaux.be\/blog\/wp-content\/uploads\/2012\/02\/AVR9412-211x300.jpg 211w\" sizes=\"(max-width: 400px) 100vw, 400px\" \/><\/strong><\/p>\n<p>4 exemplaires<strong><br \/>\n<\/strong><\/p>\n","protected":false},"excerpt":{"rendered":"<p>tentative d\u2019approfondissement du quotidien - la promenade, ou l'art d'\u00eatre perdue sans se perdre dans l'entre-vall\u00e9e s\u00e9rigraphies - silkscreen on paper r\u00e9alis\u00e9es au Frans Masereel Centrum il faut que j'aille me promener, 2011, 72 x 51 cm 4 exemplaires 4 exemplaires<\/p>\n","protected":false},"author":1,"featured_media":0,"comment_status":"closed","ping_status":"open","sticky":false,"template":"","format":"standard","meta":{"footnotes":""},"categories":[5,38,32],"tags":[],"_links":{"self":[{"href":"https:\/\/liseduclaux.be\/blog\/index.php?rest_route=\/wp\/v2\/posts\/1523"}],"collection":[{"href":"https:\/\/liseduclaux.be\/blog\/index.php?rest_route=\/wp\/v2\/posts"}],"about":[{"href":"https:\/\/liseduclaux.be\/blog\/index.php?rest_route=\/wp\/v2\/types\/post"}],"author":[{"embeddable":true,"href":"https:\/\/liseduclaux.be\/blog\/index.php?rest_route=\/wp\/v2\/users\/1"}],"replies":[{"embeddable":true,"href":"https:\/\/liseduclaux.be\/blog\/index.php?rest_route=%2Fwp%2Fv2%2Fcomments&post=1523"}],"version-history":[{"count":12,"href":"https:\/\/liseduclaux.be\/blog\/index.php?rest_route=\/wp\/v2\/posts\/1523\/revisions"}],"predecessor-version":[{"id":3735,"href":"https:\/\/liseduclaux.be\/blog\/index.php?rest_route=\/wp\/v2\/posts\/1523\/revisions\/3735"}],"wp:attachment":[{"href":"https:\/\/liseduclaux.be\/blog\/index.php?rest_route=%2Fwp%2Fv2%2Fmedia&parent=1523"}],"wp:term":[{"taxonomy":"category","embeddable":true,"href":"https:\/\/liseduclaux.be\/blog\/index.php?rest_route=%2Fwp%2Fv2%2Fcategories&post=1523"},{"taxonomy":"post_tag","embeddable":true,"href":"https:\/\/liseduclaux.be\/blog\/index.php?rest_route=%2Fwp%2Fv2%2Ftags&post=1523"}],"curies":[{"name":"wp","href":"https:\/\/api.w.org\/{rel}","templated":true}]}}