{"id":1816,"date":"2012-07-17T10:25:08","date_gmt":"2012-07-17T09:25:08","guid":{"rendered":"http:\/\/liseduclaux.be\/blog\/?p=1816"},"modified":"2013-12-22T18:56:15","modified_gmt":"2013-12-22T17:56:15","slug":"la-zone-2012-lam","status":"publish","type":"post","link":"https:\/\/liseduclaux.be\/blog\/?p=1816","title":{"rendered":"la zone - 2012 - LAM"},"content":{"rendered":"<p><strong><em>ZONE DE FAUCHAGE TARDIF<br \/>\n<\/em><\/strong>a changing installation - a changing installation - oeuvre \u00e9volutive d'une dur\u00e9e minimum de 3 ans activ\u00e9e le 20 juin 2012, collection Mac's<br \/>\n<strong><br \/>\njuin\u00a0 2012<\/strong> - <strong>ensemencement<\/strong><strong> 600m2, <\/strong>parc<strong> <\/strong>de sculpture<strong><br \/>\n<\/strong><strong>LaM, <\/strong><strong>Lille M\u00e9tropole Mus\u00e9e d\u2019art moderne d\u2019art contemporain et d\u2019art brut, <\/strong>Villeneuve-d\u2019Ascq , France<\/p>\n<p>septembre 2012<\/p>\n<p><img loading=\"lazy\" decoding=\"async\" class=\"aligncenter size-full wp-image-2158\" title=\"zonelam_AOU0173_sept2012_blog\" src=\"http:\/\/liseduclaux.be\/blog\/wp-content\/uploads\/2013\/02\/zonelam_AOU0173_sept2012_blog.jpg\" alt=\"\" width=\"600\" height=\"402\" srcset=\"https:\/\/liseduclaux.be\/blog\/wp-content\/uploads\/2013\/02\/zonelam_AOU0173_sept2012_blog.jpg 600w, https:\/\/liseduclaux.be\/blog\/wp-content\/uploads\/2013\/02\/zonelam_AOU0173_sept2012_blog-300x201.jpg 300w\" sizes=\"(max-width: 600px) 100vw, 600px\" \/><\/p>\n<p><img loading=\"lazy\" decoding=\"async\" class=\"aligncenter size-full wp-image-2155\" title=\"zonelam_AOU0142_sept12_blog\" src=\"http:\/\/liseduclaux.be\/blog\/wp-content\/uploads\/2013\/02\/zonelam_AOU0142_sept12_blog.jpg\" alt=\"\" width=\"600\" height=\"402\" srcset=\"https:\/\/liseduclaux.be\/blog\/wp-content\/uploads\/2013\/02\/zonelam_AOU0142_sept12_blog.jpg 600w, https:\/\/liseduclaux.be\/blog\/wp-content\/uploads\/2013\/02\/zonelam_AOU0142_sept12_blog-300x201.jpg 300w\" sizes=\"(max-width: 600px) 100vw, 600px\" \/><\/p>\n<p><img loading=\"lazy\" decoding=\"async\" class=\"aligncenter size-full wp-image-2191\" title=\"zonelamsept12_AOU0039_blog\" src=\"http:\/\/liseduclaux.be\/blog\/wp-content\/uploads\/2013\/02\/zonelamsept12_AOU0039_blog.jpg\" alt=\"\" width=\"600\" height=\"402\" srcset=\"https:\/\/liseduclaux.be\/blog\/wp-content\/uploads\/2013\/02\/zonelamsept12_AOU0039_blog.jpg 600w, https:\/\/liseduclaux.be\/blog\/wp-content\/uploads\/2013\/02\/zonelamsept12_AOU0039_blog-300x201.jpg 300w\" sizes=\"(max-width: 600px) 100vw, 600px\" \/><\/p>\n<p><img loading=\"lazy\" decoding=\"async\" class=\"aligncenter size-full wp-image-2164\" title=\"la zone_lam_sept12_87030015_blog\" src=\"http:\/\/liseduclaux.be\/blog\/wp-content\/uploads\/2013\/02\/la-zone_lam_sept12_87030015_blog.jpg\" alt=\"\" width=\"600\" height=\"398\" srcset=\"https:\/\/liseduclaux.be\/blog\/wp-content\/uploads\/2013\/02\/la-zone_lam_sept12_87030015_blog.jpg 600w, https:\/\/liseduclaux.be\/blog\/wp-content\/uploads\/2013\/02\/la-zone_lam_sept12_87030015_blog-300x199.jpg 300w\" sizes=\"(max-width: 600px) 100vw, 600px\" \/><\/p>\n<p>octobre 2012<\/p>\n<p><img loading=\"lazy\" decoding=\"async\" class=\"aligncenter size-full wp-image-2151\" title=\"oct87030036_blog\" src=\"http:\/\/liseduclaux.be\/blog\/wp-content\/uploads\/2013\/02\/oct87030036_blog.jpg\" alt=\"\" width=\"600\" height=\"398\" srcset=\"https:\/\/liseduclaux.be\/blog\/wp-content\/uploads\/2013\/02\/oct87030036_blog.jpg 600w, https:\/\/liseduclaux.be\/blog\/wp-content\/uploads\/2013\/02\/oct87030036_blog-300x199.jpg 300w\" sizes=\"(max-width: 600px) 100vw, 600px\" \/><\/p>\n<p>mai 2012<\/p>\n<p><img loading=\"lazy\" decoding=\"async\" class=\"aligncenter size-full wp-image-1829\" title=\"DSC02959_juin2012\" src=\"http:\/\/liseduclaux.be\/blog\/wp-content\/uploads\/2012\/07\/DSC02959_juin2012.jpg\" alt=\"\" width=\"600\" height=\"395\" srcset=\"https:\/\/liseduclaux.be\/blog\/wp-content\/uploads\/2012\/07\/DSC02959_juin2012.jpg 600w, https:\/\/liseduclaux.be\/blog\/wp-content\/uploads\/2012\/07\/DSC02959_juin2012-300x197.jpg 300w\" sizes=\"(max-width: 600px) 100vw, 600px\" \/><\/p>\n<p><strong><img loading=\"lazy\" decoding=\"async\" class=\"aligncenter size-full wp-image-1830\" title=\"DSC02960_jin2012_600\" src=\"http:\/\/liseduclaux.be\/blog\/wp-content\/uploads\/2012\/07\/DSC02960_jin2012_600.jpg\" alt=\"\" width=\"600\" height=\"450\" srcset=\"https:\/\/liseduclaux.be\/blog\/wp-content\/uploads\/2012\/07\/DSC02960_jin2012_600.jpg 600w, https:\/\/liseduclaux.be\/blog\/wp-content\/uploads\/2012\/07\/DSC02960_jin2012_600-300x225.jpg 300w\" sizes=\"(max-width: 600px) 100vw, 600px\" \/><br \/>\n<\/strong><strong><br \/>\n<\/strong><\/p>\n<p><strong> <\/strong><\/p>\n<p><strong> <\/strong><\/p>\n<p><strong> <\/strong><\/p>\n","protected":false},"excerpt":{"rendered":"<p>ZONE DE FAUCHAGE TARDIF a changing installation - a changing installation - oeuvre \u00e9volutive d'une dur\u00e9e minimum de 3 ans activ\u00e9e le 20 juin 2012, collection Mac's juin\u00a0 2012 - ensemencement 600m2, parc de sculpture LaM, Lille M\u00e9tropole Mus\u00e9e d\u2019art moderne d\u2019art contemporain et d\u2019art brut, Villeneuve-d\u2019Ascq , France septembre 2012 octobre 2012 mai 2012<\/p>\n","protected":false},"author":1,"featured_media":0,"comment_status":"closed","ping_status":"open","sticky":false,"template":"","format":"standard","meta":{"footnotes":""},"categories":[4,39],"tags":[],"_links":{"self":[{"href":"https:\/\/liseduclaux.be\/blog\/index.php?rest_route=\/wp\/v2\/posts\/1816"}],"collection":[{"href":"https:\/\/liseduclaux.be\/blog\/index.php?rest_route=\/wp\/v2\/posts"}],"about":[{"href":"https:\/\/liseduclaux.be\/blog\/index.php?rest_route=\/wp\/v2\/types\/post"}],"author":[{"embeddable":true,"href":"https:\/\/liseduclaux.be\/blog\/index.php?rest_route=\/wp\/v2\/users\/1"}],"replies":[{"embeddable":true,"href":"https:\/\/liseduclaux.be\/blog\/index.php?rest_route=%2Fwp%2Fv2%2Fcomments&post=1816"}],"version-history":[{"count":28,"href":"https:\/\/liseduclaux.be\/blog\/index.php?rest_route=\/wp\/v2\/posts\/1816\/revisions"}],"predecessor-version":[{"id":1926,"href":"https:\/\/liseduclaux.be\/blog\/index.php?rest_route=\/wp\/v2\/posts\/1816\/revisions\/1926"}],"wp:attachment":[{"href":"https:\/\/liseduclaux.be\/blog\/index.php?rest_route=%2Fwp%2Fv2%2Fmedia&parent=1816"}],"wp:term":[{"taxonomy":"category","embeddable":true,"href":"https:\/\/liseduclaux.be\/blog\/index.php?rest_route=%2Fwp%2Fv2%2Fcategories&post=1816"},{"taxonomy":"post_tag","embeddable":true,"href":"https:\/\/liseduclaux.be\/blog\/index.php?rest_route=%2Fwp%2Fv2%2Ftags&post=1816"}],"curies":[{"name":"wp","href":"https:\/\/api.w.org\/{rel}","templated":true}]}}