{"id":241,"date":"2009-09-17T15:22:06","date_gmt":"2009-09-17T13:22:06","guid":{"rendered":"http:\/\/liseduclaux.be\/blog\/?p=241"},"modified":"2010-04-04T19:02:54","modified_gmt":"2010-04-04T17:02:54","slug":"du-11-au-314","status":"publish","type":"post","link":"https:\/\/liseduclaux.be\/blog\/?p=241","title":{"rendered":"du 11 au 314"},"content":{"rendered":"<p><strong>Chez rita<\/strong><br \/>\n49 ru Daubenton, 59100 Roubaix<br \/>\nprojection, samedi 19-09-09, 18h<\/p>\n<p><strong>du 11 au 314<\/strong><br \/>\ndv pal 54min, 4\/3, 2008<\/p>\n<p style=\"text-align: justify;\">Bruxelles, \u00e0 proximit\u00e9 du centre, \u00e0 15 minutes \u00e0 pied de la Grand Place, une femme sort du 11 rue du cheval noir. Elle marche, elle longe le canal, traverse des quartiers cosmopolites, d\u00e9labr\u00e9s et d\u00e9sargent\u00e9s. Elle y croise les r\u00e9alit\u00e9s de la condition humaine, les voitures, les commerces, les usines, les marchands, les immeubles, les p\u00e9niches, les passants. Son trajet de 7 km l\u2019emm\u00e8nera en face du 314 rue des Alli\u00e9s, o\u00f9 la r\u00e9alisatrice a habit\u00e9.<br \/>\nAilleurs, en voix-off, on entend les souvenirs de la vie au 314. Souvenirs d\u2019une maison distribu\u00e9e en appartements, avec ses diff\u00e9rents personnages \u00e0 chaque \u00e9tage, son interminable fuite d\u2019eau aux toilettes, ses discussions dans la cage d\u2019escalier, son occupation maximale de la cave au grenier.<br \/>\nDans les pens\u00e9es et les lieux travers\u00e9s s\u2019infiltrent des moments suspendus, po\u00e9tiques, l\u00e9gers comme un chant et une danse.<\/p>\n<p style=\"text-align: justify;\"><img loading=\"lazy\" decoding=\"async\" class=\"aligncenter size-full wp-image-245\" title=\"du11_314_01\" src=\"http:\/\/liseduclaux.be\/blog\/wp-content\/uploads\/2010\/04\/du11_314_01.jpg\" alt=\"\" width=\"600\" height=\"480\" srcset=\"https:\/\/liseduclaux.be\/blog\/wp-content\/uploads\/2010\/04\/du11_314_01.jpg 600w, https:\/\/liseduclaux.be\/blog\/wp-content\/uploads\/2010\/04\/du11_314_01-300x240.jpg 300w\" sizes=\"(max-width: 600px) 100vw, 600px\" \/><\/p>\n<p style=\"text-align: justify;\">\n<p style=\"text-align: justify;\"><img loading=\"lazy\" decoding=\"async\" class=\"aligncenter size-full wp-image-243\" title=\"11_314_03\" src=\"http:\/\/liseduclaux.be\/blog\/wp-content\/uploads\/2010\/04\/11_314_03.jpg\" alt=\"\" width=\"600\" height=\"480\" srcset=\"https:\/\/liseduclaux.be\/blog\/wp-content\/uploads\/2010\/04\/11_314_03.jpg 600w, https:\/\/liseduclaux.be\/blog\/wp-content\/uploads\/2010\/04\/11_314_03-300x240.jpg 300w\" sizes=\"(max-width: 600px) 100vw, 600px\" \/><\/p>\n<p style=\"text-align: justify;\"><img loading=\"lazy\" decoding=\"async\" class=\"aligncenter size-full wp-image-244\" title=\"11_314_02\" src=\"http:\/\/liseduclaux.be\/blog\/wp-content\/uploads\/2010\/04\/11_314_02.jpg\" alt=\"\" width=\"600\" height=\"480\" srcset=\"https:\/\/liseduclaux.be\/blog\/wp-content\/uploads\/2010\/04\/11_314_02.jpg 600w, https:\/\/liseduclaux.be\/blog\/wp-content\/uploads\/2010\/04\/11_314_02-300x240.jpg 300w\" sizes=\"(max-width: 600px) 100vw, 600px\" \/><\/p>\n<p style=\"text-align: justify;\">\n","protected":false},"excerpt":{"rendered":"<p>Chez rita 49 ru Daubenton, 59100 Roubaix projection, samedi 19-09-09, 18h du 11 au 314 dv pal 54min, 4\/3, 2008 Bruxelles, \u00e0 proximit\u00e9 du centre, \u00e0 15 minutes \u00e0 pied de la Grand Place, une femme sort du 11 rue du cheval noir. Elle marche, elle longe le canal, traverse des quartiers cosmopolites, d\u00e9labr\u00e9s et [&hellip;]<\/p>\n","protected":false},"author":1,"featured_media":0,"comment_status":"closed","ping_status":"open","sticky":false,"template":"","format":"standard","meta":{"footnotes":""},"categories":[20,4],"tags":[],"_links":{"self":[{"href":"https:\/\/liseduclaux.be\/blog\/index.php?rest_route=\/wp\/v2\/posts\/241"}],"collection":[{"href":"https:\/\/liseduclaux.be\/blog\/index.php?rest_route=\/wp\/v2\/posts"}],"about":[{"href":"https:\/\/liseduclaux.be\/blog\/index.php?rest_route=\/wp\/v2\/types\/post"}],"author":[{"embeddable":true,"href":"https:\/\/liseduclaux.be\/blog\/index.php?rest_route=\/wp\/v2\/users\/1"}],"replies":[{"embeddable":true,"href":"https:\/\/liseduclaux.be\/blog\/index.php?rest_route=%2Fwp%2Fv2%2Fcomments&post=241"}],"version-history":[{"count":7,"href":"https:\/\/liseduclaux.be\/blog\/index.php?rest_route=\/wp\/v2\/posts\/241\/revisions"}],"predecessor-version":[{"id":247,"href":"https:\/\/liseduclaux.be\/blog\/index.php?rest_route=\/wp\/v2\/posts\/241\/revisions\/247"}],"wp:attachment":[{"href":"https:\/\/liseduclaux.be\/blog\/index.php?rest_route=%2Fwp%2Fv2%2Fmedia&parent=241"}],"wp:term":[{"taxonomy":"category","embeddable":true,"href":"https:\/\/liseduclaux.be\/blog\/index.php?rest_route=%2Fwp%2Fv2%2Fcategories&post=241"},{"taxonomy":"post_tag","embeddable":true,"href":"https:\/\/liseduclaux.be\/blog\/index.php?rest_route=%2Fwp%2Fv2%2Ftags&post=241"}],"curies":[{"name":"wp","href":"https:\/\/api.w.org\/{rel}","templated":true}]}}