{"id":3061,"date":"2013-01-25T17:25:17","date_gmt":"2013-01-25T15:25:17","guid":{"rendered":"http:\/\/liseduclaux.be\/blog\/?p=3061"},"modified":"2020-05-28T12:03:27","modified_gmt":"2020-05-28T10:03:27","slug":"pompoenpoezie-ou-la-poesie-de-la-courge-2","status":"publish","type":"post","link":"https:\/\/liseduclaux.be\/blog\/?p=3061","title":{"rendered":"PomPoenPo\u00ebzie ou la po\u00e9sie de la courge"},"content":{"rendered":"<h3>PomPoenPo\u00ebzie ou la po\u00e9sie de la courge<\/h3>\n<p><strong>Herman Teirlinck huis<\/strong> Beersel B.<br \/>\n13 januari 2013, 13:13 pm<\/p>\n<p><strong>lecture \u00e0 l'atelier<\/strong><br \/>\n<iframe loading=\"lazy\" src=\"https:\/\/w.soundcloud.com\/player\/?url=https%3A\/\/api.soundcloud.com\/tracks\/88703407&amp;color=ff5500&amp;auto_play=false&amp;hide_related=false&amp;show_comments=true&amp;show_user=true&amp;show_reposts=false\" width=\"100%\" height=\"166\" frameborder=\"no\" scrolling=\"no\"><\/iframe><\/p>\n<p><strong>promenade sans bouger - stationaire wandeling - performance 30 min<br \/>\n<\/strong>performance conferentie-conf\u00e9rence, avec pique-nique hivernal-met winterpicknick, en kattekot b\u00e9n\u00e9fice<\/p>\n<p><img loading=\"lazy\" decoding=\"async\" title=\"pompoenensembleblog\" src=\"http:\/\/liseduclaux.be\/blog\/wp-content\/uploads\/2013\/02\/pompoenensembleblog.jpg\" alt=\"\" width=\"600\" height=\"401\" \/><\/p>\n<p style=\"text-align: center;\"><img loading=\"lazy\" decoding=\"async\" class=\"aligncenter\" title=\"01\" src=\"http:\/\/liseduclaux.be\/blog\/wp-content\/uploads\/2013\/02\/01.jpg\" alt=\"\" width=\"544\" height=\"450\" \/><\/p>\n<p>a<\/p>\n<p><strong>a<br \/>\nPomPoenPo\u00ebzie performance notebook, 2013<\/strong><br \/>\n<em>avec fautes d'orthographe originales et v\u00e9ritables de l'artiste<\/em><br \/>\npages 12, 13<\/p>\n<h4><img loading=\"lazy\" decoding=\"async\" title=\"destront_pompoenpoezie_blog_AOU0667\" src=\"http:\/\/liseduclaux.be\/blog\/wp-content\/uploads\/2013\/03\/destront_pompoenpoezie_blog_AOU0667.jpg\" alt=\"\" width=\"600\" height=\"501\" \/><\/h4>\n<p>pages 20, 21<\/p>\n<h4><img loading=\"lazy\" decoding=\"async\" title=\"pompoenfleurs_blog_AOU0671\" src=\"http:\/\/liseduclaux.be\/blog\/wp-content\/uploads\/2013\/03\/pompoenfleurs_blog_AOU0671.jpg\" alt=\"\" width=\"600\" height=\"501\" \/><\/h4>\n<p>pages 24, 25<\/p>\n<h4><img loading=\"lazy\" decoding=\"async\" title=\"de stress vandepompoen_blog_AOU0673\" src=\"http:\/\/liseduclaux.be\/blog\/wp-content\/uploads\/2013\/03\/de-stress-vandepompoen_blog_AOU0673.jpg\" alt=\"\" width=\"600\" height=\"501\" \/><\/h4>\n<p>pages 28, 29<\/p>\n<h4><img loading=\"lazy\" decoding=\"async\" title=\"pomoenpoezie_livredeculture04_blog_AOU0675\" src=\"http:\/\/liseduclaux.be\/blog\/wp-content\/uploads\/2013\/03\/pomoenpoezie_livredeculture04_blog_AOU0675.jpg\" alt=\"\" width=\"600\" height=\"501\" \/><\/h4>\n<p>pages 30, 31<\/p>\n<h4><img loading=\"lazy\" decoding=\"async\" title=\"cahierpompoen_de culture01_blog_AOU0676\" src=\"http:\/\/liseduclaux.be\/blog\/wp-content\/uploads\/2013\/03\/cahierpompoen_de-culture01_blog_AOU0676.jpg\" alt=\"\" width=\"600\" height=\"501\" \/><\/h4>\n<p>pages 32, 33<\/p>\n<h4><img loading=\"lazy\" decoding=\"async\" title=\"deculture_pompoen02_AOU0677\" src=\"http:\/\/liseduclaux.be\/blog\/wp-content\/uploads\/2013\/03\/deculture_pompoen02_AOU0677.jpg\" alt=\"\" width=\"600\" height=\"501\" \/><\/h4>\n<p>pages 40, 41 fin<br \/>\n<img loading=\"lazy\" decoding=\"async\" title=\"pompoen_fin_janvier_AOU0681\" src=\"http:\/\/liseduclaux.be\/blog\/wp-content\/uploads\/2013\/03\/pompoen_fin_janvier_AOU0681.jpg\" alt=\"\" width=\"600\" height=\"501\" \/><br \/>\n<strong>pompoen racine<\/strong><br \/>\ndessin \u00e0 l'encre pigmentaire 29,7 x 21 cm, 2012<\/p>\n<p style=\"text-align: center;\"><img loading=\"lazy\" decoding=\"async\" class=\"aligncenter\" title=\"racinecorge\" src=\"http:\/\/liseduclaux.be\/blog\/wp-content\/uploads\/2013\/03\/racinecorge.jpg\" alt=\"\" width=\"450\" height=\"635\" \/><\/p>\n<p><strong>tenir un chiendent entre ses doigts<\/strong><br \/>\ndessin \u00e0 l'encre pigmentaire 29,7 x 21 cm, 2012<\/p>\n<p style=\"text-align: center;\"><img loading=\"lazy\" decoding=\"async\" class=\"aligncenter\" title=\"chiendent\" src=\"http:\/\/liseduclaux.be\/blog\/wp-content\/uploads\/2013\/03\/chiendent.jpg\" alt=\"\" width=\"450\" height=\"630\" \/><\/p>\n<p><strong>vers blancs<\/strong><br \/>\ndessin \u00e0 l'encre pigmentaire 29,7 x 21 cm, 2012<\/p>\n<p style=\"text-align: center;\"><img loading=\"lazy\" decoding=\"async\" class=\"aligncenter\" title=\"versblancs\" src=\"http:\/\/liseduclaux.be\/blog\/wp-content\/uploads\/2013\/03\/versblancs.jpg\" alt=\"\" width=\"450\" height=\"642\" \/><\/p>\n<p><span style=\"color: #ffffff;\">a<\/span><\/p>\n<p style=\"text-align: center;\"><img loading=\"lazy\" decoding=\"async\" class=\"aligncenter\" title=\"pompoenpo\u00ebzie_annonce_blog\" src=\"http:\/\/liseduclaux.be\/blog\/wp-content\/uploads\/2013\/01\/pompoenpo%C3%ABzie_annonce_blog.jpg\" alt=\"\" width=\"450\" height=\"636\" \/><\/p>\n<h3><strong>PomPoenPo\u00ebzie<\/strong>, a changing installation<\/h3>\n<p><strong>6 mai 2012 <\/strong>- pit planting<strong>, Hermann Teirlinckhuis - <\/strong>Uwenberg 14, 1650 Beersel, Belgique<\/p>\n<p>4 mai 2012<\/p>\n<p><img loading=\"lazy\" decoding=\"async\" title=\"04-05-12-IMG_2079-blog\" src=\"http:\/\/liseduclaux.be\/blog\/wp-content\/uploads\/2013\/03\/04-05-12-IMG_2079-blog.jpg\" alt=\"\" width=\"600\" height=\"450\" \/><\/p>\n<p><img loading=\"lazy\" decoding=\"async\" title=\"04-05-12-IMG_2089-blog\" src=\"http:\/\/liseduclaux.be\/blog\/wp-content\/uploads\/2013\/03\/04-05-12-IMG_2089-blog.jpg\" alt=\"\" width=\"600\" height=\"450\" \/><\/p>\n<p>6 mai 2012<br \/>\n<img loading=\"lazy\" decoding=\"async\" title=\"pompoenpoezieLise1-blog\" src=\"http:\/\/liseduclaux.be\/blog\/wp-content\/uploads\/2013\/03\/pompoenpoezieLise1-blog.jpg\" alt=\"\" width=\"600\" height=\"441\" \/><\/p>\n<p><img loading=\"lazy\" decoding=\"async\" title=\"6-05-12Lise3look-blog\" src=\"http:\/\/liseduclaux.be\/blog\/wp-content\/uploads\/2013\/03\/6-05-12Lise3look-blog.jpg\" alt=\"\" width=\"600\" height=\"441\" \/><\/p>\n<p>juin 2012<br \/>\n<img loading=\"lazy\" decoding=\"async\" title=\"juin12_AVR9710_600\" src=\"http:\/\/liseduclaux.be\/blog\/wp-content\/uploads\/2012\/07\/juin12_AVR9710_600.jpg\" alt=\"\" width=\"600\" height=\"402\" \/><\/p>\n<p>ao\u00fbt 2012<\/p>\n<p><img loading=\"lazy\" decoding=\"async\" title=\"_AOU9852_600\" src=\"http:\/\/liseduclaux.be\/blog\/wp-content\/uploads\/2012\/09\/AOU9852_600.jpg\" alt=\"\" width=\"600\" height=\"402\" \/><\/p>\n<p><img loading=\"lazy\" decoding=\"async\" title=\"_AOU9870_600\" src=\"http:\/\/liseduclaux.be\/blog\/wp-content\/uploads\/2012\/09\/AOU9870_600.jpg\" alt=\"\" width=\"600\" height=\"402\" \/><\/p>\n<p><img loading=\"lazy\" decoding=\"async\" title=\"_AOU9858_600\" src=\"http:\/\/liseduclaux.be\/blog\/wp-content\/uploads\/2012\/09\/AOU9858_600.jpg\" alt=\"\" width=\"600\" height=\"402\" \/><\/p>\n<p>septembre 2012<img loading=\"lazy\" decoding=\"async\" title=\"09-09_12_AOU0005_blog\" src=\"http:\/\/liseduclaux.be\/blog\/wp-content\/uploads\/2013\/03\/09-09_12_AOU0005_blog.jpg\" alt=\"\" width=\"600\" height=\"402\" \/><\/p>\n<p>octobre 2012<br \/>\n<img loading=\"lazy\" decoding=\"async\" title=\"octobre_AOU0320-blog\" src=\"http:\/\/liseduclaux.be\/blog\/wp-content\/uploads\/2013\/03\/octobre_AOU0320-blog.jpg\" alt=\"\" width=\"600\" height=\"402\" \/><\/p>\n<p><img loading=\"lazy\" decoding=\"async\" title=\"octobre_AOU0317-blog\" src=\"http:\/\/liseduclaux.be\/blog\/wp-content\/uploads\/2013\/03\/octobre_AOU0317-blog.jpg\" alt=\"\" width=\"600\" height=\"402\" \/><\/p>\n<p><img loading=\"lazy\" decoding=\"async\" title=\"21-10-12_AOU0328_blog\" src=\"http:\/\/liseduclaux.be\/blog\/wp-content\/uploads\/2013\/03\/21-10-12_AOU0328_blog.jpg\" alt=\"\" width=\"600\" height=\"402\" \/><\/p>\n<p><img loading=\"lazy\" decoding=\"async\" title=\"21-10-12_AOU0331_blog\" src=\"http:\/\/liseduclaux.be\/blog\/wp-content\/uploads\/2013\/03\/21-10-12_AOU0331_blog.jpg\" alt=\"\" width=\"600\" height=\"402\" \/><\/p>\n<p>novembre 2012<br \/>\n<img loading=\"lazy\" decoding=\"async\" title=\"9-11-12-IMG_3288-blog\" src=\"http:\/\/liseduclaux.be\/blog\/wp-content\/uploads\/2013\/03\/9-11-12-IMG_3288-blog.jpg\" alt=\"\" width=\"600\" height=\"450\" \/><\/p>\n","protected":false},"excerpt":{"rendered":"<p>PomPoenPo\u00ebzie ou la po\u00e9sie de la courge Herman Teirlinck huis Beersel B. 13 januari 2013, 13:13 pm lecture \u00e0 l'atelier promenade sans bouger - stationaire wandeling - performance 30 min performance conferentie-conf\u00e9rence, avec pique-nique hivernal-met winterpicknick, en kattekot b\u00e9n\u00e9fice a a PomPoenPo\u00ebzie performance notebook, 2013 avec fautes d'orthographe originales et v\u00e9ritables de l'artiste pages 12, [&hellip;]<\/p>\n","protected":false},"author":1,"featured_media":0,"comment_status":"closed","ping_status":"open","sticky":false,"template":"","format":"standard","meta":{"footnotes":""},"categories":[41],"tags":[],"_links":{"self":[{"href":"https:\/\/liseduclaux.be\/blog\/index.php?rest_route=\/wp\/v2\/posts\/3061"}],"collection":[{"href":"https:\/\/liseduclaux.be\/blog\/index.php?rest_route=\/wp\/v2\/posts"}],"about":[{"href":"https:\/\/liseduclaux.be\/blog\/index.php?rest_route=\/wp\/v2\/types\/post"}],"author":[{"embeddable":true,"href":"https:\/\/liseduclaux.be\/blog\/index.php?rest_route=\/wp\/v2\/users\/1"}],"replies":[{"embeddable":true,"href":"https:\/\/liseduclaux.be\/blog\/index.php?rest_route=%2Fwp%2Fv2%2Fcomments&post=3061"}],"version-history":[{"count":11,"href":"https:\/\/liseduclaux.be\/blog\/index.php?rest_route=\/wp\/v2\/posts\/3061\/revisions"}],"predecessor-version":[{"id":5167,"href":"https:\/\/liseduclaux.be\/blog\/index.php?rest_route=\/wp\/v2\/posts\/3061\/revisions\/5167"}],"wp:attachment":[{"href":"https:\/\/liseduclaux.be\/blog\/index.php?rest_route=%2Fwp%2Fv2%2Fmedia&parent=3061"}],"wp:term":[{"taxonomy":"category","embeddable":true,"href":"https:\/\/liseduclaux.be\/blog\/index.php?rest_route=%2Fwp%2Fv2%2Fcategories&post=3061"},{"taxonomy":"post_tag","embeddable":true,"href":"https:\/\/liseduclaux.be\/blog\/index.php?rest_route=%2Fwp%2Fv2%2Ftags&post=3061"}],"curies":[{"name":"wp","href":"https:\/\/api.w.org\/{rel}","templated":true}]}}