{"id":3088,"date":"2014-05-01T17:22:21","date_gmt":"2014-05-01T15:22:21","guid":{"rendered":"http:\/\/liseduclaux.be\/blog\/?p=3088"},"modified":"2014-12-01T17:09:00","modified_gmt":"2014-12-01T16:09:00","slug":"il-y-avait-en-haut-trop-d%e2%80%99etoiles-dans-le-ciel-et-pas-assez-en-bas-dans-la-terre","status":"publish","type":"post","link":"https:\/\/liseduclaux.be\/blog\/?p=3088","title":{"rendered":"il y avait en haut trop d\u2019\u00e9toiles dans le ciel et pas assez en bas dans la terre"},"content":{"rendered":"<p><strong><em>Lettre \u00e0 leurs Majest\u00e9s le Roi et la Reine\u00a0des Belges<\/em><\/strong><br \/>\ns\u00e9rigraphie 42 x 29,7 cm, d\u00e9pos\u00e9e le 4 avril 2014, au Palais Royal \u00e0 Bruxelles<\/p>\n<p><img loading=\"lazy\" decoding=\"async\" class=\"aligncenter size-full wp-image-3196\" title=\"aleursmajest\u00e9s-ea\" src=\"http:\/\/liseduclaux.be\/blog\/wp-content\/uploads\/2014\/05\/aleursmajest\u00e9s-ea.jpg\" alt=\"\" width=\"450\" height=\"636\" srcset=\"https:\/\/liseduclaux.be\/blog\/wp-content\/uploads\/2014\/05\/aleursmajest\u00e9s-ea.jpg 450w, https:\/\/liseduclaux.be\/blog\/wp-content\/uploads\/2014\/05\/aleursmajest\u00e9s-ea-212x300.jpg 212w\" sizes=\"(max-width: 450px) 100vw, 450px\" \/><\/p>\n<p><em><br \/>\n<span style=\"color: #333300;\">A leurs Majest\u00e9s le Roi et la Reine\u00a0des Belges<\/span><\/em><\/p>\n<p><span style=\"color: #333300;\"> <\/span><\/p>\n<p><span style=\"color: #333300;\"><em> <\/em><\/span><\/p>\n<p><span style=\"color: #333300;\"> <\/span><\/p>\n<p><span style=\"color: #333300;\"><em>Selon la convention, une taupini\u00e8re ne procure aucune sensation de  beaut\u00e9. Elle est consid\u00e9r\u00e9e comme inesth\u00e9tique sur une pelouse.  Cependant, les taupes ont \u00e9lu domicile devant votre domaine. Le parc  public de Laeken est jalonn\u00e9 de taupini\u00e8res qui rythment la promenade et  soulignent l\u2019ondulation des pelouses. Invisibles, les taupes vivent  dans un monde dont nous n\u2019avons aucune exp\u00e9rience; dans un autre espace,  un autre temps. De sous terre, elles habillent notre monde et sculptent  nos paysages. Elles font de la po\u00e9sie, du verbe grec po\u00efein \u2013  construire, faconner, cr\u00e9er. Les artistes sont un peu des taupes.<\/em><\/span><\/p>\n<p><span style=\"color: #333300;\"> <\/span><\/p>\n<p><span style=\"color: #333300;\"><em> <\/em><\/span><\/p>\n<p><span style=\"color: #333300;\"> <\/span><\/p>\n<p><span style=\"color: #333300;\"><em>Consid\u00e9rant le r\u00e9el comme un probl\u00e8me tout en ayant foi dans la  r\u00e9alit\u00e9 des choses, d\u2019une taupini\u00e8re \u00e0 l\u2019autre j\u2019arpente \u00e0 petits pas  les pelouses du parc de Laeken. Papier et crayon en main, je  cartographie les traces de l\u2019existence des taupes sur terre. Dans  l\u2019atelier, j\u2019imagine et dessine leurs territoires souterrains. Je  r\u00e9colte et note dans mes carnets les diverses histoires naturelles ayant  trait \u00e0 ces animaux et tous les myst\u00e8res des choses qui en font des  merveilles.<\/em><\/span><\/p>\n<p><span style=\"color: #333300;\"> <\/span><\/p>\n<p><span style=\"color: #333300;\"><em> <\/em><\/span><\/p>\n<p><span style=\"color: #333300;\"> <\/span><\/p>\n<p><span style=\"color: #333300;\"><em>Les taupes sont solitaires. Chaque taupe occupe un territoire. Elles  se rencontrent \u00e0 l\u2019or\u00e9e du printemps ou par hasard. Chaque ann\u00e9e, un peu  plus d\u2019un mois apr\u00e8s \u00eatre n\u00e9es, les jeunes taupes sont pri\u00e9es de  trouver un nouveau territoire pour s\u2019installer. Elles remontent \u00e0 la  surface, quittent les pelouses d\u00e9j\u00e0 habit\u00e9es \u00e0 la recherche d\u2019un petit  paradis sous terre o\u00f9 nourriture, espace et tranquillit\u00e9 pourront leur  \u00eatre offerts. Elles s\u2019enfuient au loin, traversent la route, survivent  par chance au traffic, se glissent en-dessous des barri\u00e8res, grimpent  aux murs et se retrouvent dans le domaine royal.<\/em><\/span><\/p>\n<p><span style=\"color: #333300;\"> <\/span><\/p>\n<p><span style=\"color: #333300;\"><em> <\/em><\/span><\/p>\n<p><span style=\"color: #333300;\"> <\/span><\/p>\n<p><span style=\"color: #333300;\"><em>Certaines auront la malchance de choisir la premi\u00e8re pelouse libre,  juste devant le palais\u00a0 - elles n\u2019y resteront pas longtemps. D\u2019autres  s\u2019installeront peut-\u00eatre dans les bois ou dans les recoins du domaine,  et auront enfin le bonheur de pouvoir y vivre tranquillement une vie enti\u00e8re, je l\u2019esp\u00e8re.<\/em><\/span><\/p>\n<p><span style=\"color: #333300;\"> <\/span><\/p>\n<p><span style=\"color: #333300;\"><em> <\/em><\/span><\/p>\n<p><span style=\"color: #333300;\"> <\/span><\/p>\n<p><span style=\"color: #333300;\"><em>L\u2019imaginaire est infini.<\/em><\/span><\/p>\n<p><span style=\"color: #333300;\"> <\/span><\/p>\n<p><span style=\"color: #333300;\"><em> <\/em><\/span><\/p>\n<p><span style=\"color: #333300;\"> <\/span><\/p>\n<p><span style=\"color: #333300;\"><em>Auriez-vous l\u2019obligeance de me permettre de rencontrer et de discuter  avec vos jardiniers et vos taupiers\u00a0? De m\u2019autoriser \u00e0 parcourir  discr\u00e8tement votre domaine \u00e0 la recherche des traces de ces petits  habitants myst\u00e9rieux, afin de cartographier et d\u2019imaginer leurs parcours  invisibles et hypoth\u00e9tiques\u00a0?<\/em><\/span><\/p>\n<p><span style=\"color: #333300;\"> <\/span><\/p>\n<p><span style=\"color: #333300;\"><em>Cette solicitation peut para\u00eetre \u00e9trange et l\u00e9g\u00e8re. Elle est  simplement le prolongement d\u2019une \u0153uvre, celle de mes histoires  naturelles qui vous sont pr\u00e9sent\u00e9es dans les documents joints \u00e0 cette  lettre.<\/em><\/span><\/p>\n<p><span style=\"color: #333300;\"> <\/span><\/p>\n<p><span style=\"color: #333300;\"><em> <\/em><\/span><\/p>\n<p><span style=\"color: #333300;\"> <\/span><\/p>\n<p><span style=\"color: #333300;\"><em>Daignent Leurs Majest\u00e9s accorder cette faveur et agr\u00e9er l'expression de mon profond respect<\/em><\/span><\/p>\n<p><span style=\"color: #333300;\"> <\/span><\/p>\n<p><span style=\"color: #333300;\"><em> <\/em><\/span><\/p>\n<p><span style=\"color: #333300;\"> <\/span><\/p>\n<p><span style=\"color: #333300;\"><em>Lise Duclaux<\/em><\/span><\/p>\n<p style=\"text-align: left;\"><em><img loading=\"lazy\" decoding=\"async\" class=\"aligncenter size-full wp-image-64\" title=\"ligne0,5\" src=\"http:\/\/liseduclaux.be\/blog\/wp-content\/uploads\/2010\/04\/ligne05.gif\" alt=\"\" width=\"500\" height=\"9\" srcset=\"https:\/\/liseduclaux.be\/blog\/wp-content\/uploads\/2010\/04\/ligne05.gif 500w, https:\/\/liseduclaux.be\/blog\/wp-content\/uploads\/2010\/04\/ligne05-300x5.gif 300w\" sizes=\"(max-width: 500px) 100vw, 500px\" \/><\/em><\/p>\n<p style=\"text-align: left;\"><em><br \/>\nart de taupe \u00e0 pied et \u00e0 main n\u00b014, <\/em>parc de laeken octobre 2013<em>, <\/em>dessin 70 x 50 cm<em> <\/em><\/p>\n<p><em> <\/em><\/p>\n<p><img loading=\"lazy\" decoding=\"async\" class=\"aligncenter size-full wp-image-3118\" title=\"artdetaupe14_blog\" src=\"http:\/\/liseduclaux.be\/blog\/wp-content\/uploads\/2014\/05\/artdetaupe14_blog.jpg\" alt=\"\" width=\"450\" height=\"630\" srcset=\"https:\/\/liseduclaux.be\/blog\/wp-content\/uploads\/2014\/05\/artdetaupe14_blog.jpg 450w, https:\/\/liseduclaux.be\/blog\/wp-content\/uploads\/2014\/05\/artdetaupe14_blog-214x300.jpg 214w\" sizes=\"(max-width: 450px) 100vw, 450px\" \/><\/p>\n<p style=\"text-align: left;\"><em><em><br \/>\n<\/em><\/em>d\u00e9tail:<em><em><em> art de taupe \u00e0 pied et \u00e0 main n\u00b014, <\/em>parc de laeken octobre 2013<em> <\/em><\/em><\/em><\/p>\n<p><em><em><em> <\/em><\/em><\/em><\/p>\n<p><em><em><em><img loading=\"lazy\" decoding=\"async\" class=\"aligncenter size-full wp-image-3199\" title=\"artdetaupe14_detail_blog\" src=\"http:\/\/liseduclaux.be\/blog\/wp-content\/uploads\/2014\/05\/artdetaupe14_detail_blog.jpg\" alt=\"\" width=\"600\" height=\"419\" srcset=\"https:\/\/liseduclaux.be\/blog\/wp-content\/uploads\/2014\/05\/artdetaupe14_detail_blog.jpg 600w, https:\/\/liseduclaux.be\/blog\/wp-content\/uploads\/2014\/05\/artdetaupe14_detail_blog-300x209.jpg 300w\" sizes=\"(max-width: 600px) 100vw, 600px\" \/><br \/>\n<\/em><\/em><\/em><\/p>\n<p style=\"text-align: left;\">\n<p style=\"text-align: left;\"><em><em><br \/>\nart de taupe \u00e0 pied et \u00e0 main n\u00b015, <\/em>parc de laeken octobre 2013<em>, <\/em>dessin 70 x 50 cm<\/em><\/p>\n<p><em> <\/em><\/p>\n<p><em><img loading=\"lazy\" decoding=\"async\" class=\"aligncenter size-full wp-image-3117\" title=\"art de taupe15_blog\" src=\"http:\/\/liseduclaux.be\/blog\/wp-content\/uploads\/2014\/05\/art-de-taupe15_blog.jpg\" alt=\"\" width=\"450\" height=\"630\" srcset=\"https:\/\/liseduclaux.be\/blog\/wp-content\/uploads\/2014\/05\/art-de-taupe15_blog.jpg 450w, https:\/\/liseduclaux.be\/blog\/wp-content\/uploads\/2014\/05\/art-de-taupe15_blog-214x300.jpg 214w\" sizes=\"(max-width: 450px) 100vw, 450px\" \/><br \/>\n<\/em><\/p>\n<p><em> <\/em><\/p>\n<p><em> <\/em><\/p>\n<p><em>Il n'y a pas de taupe dans mon jardin, mais j'en ai une dans la t\u00eate n\u00b015<\/em> <em>(art de taupe + vue de l'esprit sous terre + domaine de l'esprit)<\/em> s\u00e9rigraphie 72 x 51 cm, 10 ex, 2014<\/p>\n<p><img loading=\"lazy\" decoding=\"async\" class=\"aligncenter size-full wp-image-3072\" title=\"cartetaupelaeken15\" src=\"http:\/\/liseduclaux.be\/blog\/wp-content\/uploads\/2014\/04\/cartetaupelaeken15.jpg\" alt=\"\" width=\"450\" height=\"638\" srcset=\"https:\/\/liseduclaux.be\/blog\/wp-content\/uploads\/2014\/04\/cartetaupelaeken15.jpg 450w, https:\/\/liseduclaux.be\/blog\/wp-content\/uploads\/2014\/04\/cartetaupelaeken15-211x300.jpg 211w\" sizes=\"(max-width: 450px) 100vw, 450px\" \/><\/p>\n<p><em><br \/>\n<\/em>d\u00e9taiI: <em><em>l n'y a pas de taupe dans mon jardin, mais j'en ai une dans la t\u00eate n\u00b015<\/em><\/em><\/p>\n<p><em><em><img loading=\"lazy\" decoding=\"async\" class=\"aligncenter size-full wp-image-3198\" title=\"carte15_detail_blog\" src=\"http:\/\/liseduclaux.be\/blog\/wp-content\/uploads\/2014\/05\/carte15_detail_blog.jpg\" alt=\"\" width=\"600\" height=\"386\" srcset=\"https:\/\/liseduclaux.be\/blog\/wp-content\/uploads\/2014\/05\/carte15_detail_blog.jpg 600w, https:\/\/liseduclaux.be\/blog\/wp-content\/uploads\/2014\/05\/carte15_detail_blog-300x193.jpg 300w\" sizes=\"(max-width: 600px) 100vw, 600px\" \/><\/em><\/em><\/p>\n<p><em><em> <\/em><\/em><\/p>\n<p><em><em> <\/em><\/em><\/p>\n<p><em><em> <\/em><\/em><\/p>\n<p><em><em> <\/em><\/em><\/p>\n<p><em><em> <\/em><\/em><\/p>\n<p><em><em> <\/em><\/em><\/p>\n<p><em><em> <\/em><\/em><\/p>\n<p><em> <\/em><\/p>\n<p><em> <\/em><\/p>\n<p><em> <\/em><\/p>\n<p><em> <\/em><\/p>\n<p><em> <\/em><\/p>\n<p><em> <\/em><\/p>\n<p><em> <\/em><\/p>\n<p><span style=\"color: #ffffff;\">a<\/span><\/p>\n<p><em><em>Il <\/em>n'y a pas de taupe dans mon jardin, mais j'en ai une dans la t\u00eate n\u00b014<\/em> <em>(art de taupe + vue de l'esprit sous terre + domaine de l'esprit), <\/em>s\u00e9rigraphie 72 x 51 cm, 10 ex, 2014<\/p>\n<p><img loading=\"lazy\" decoding=\"async\" class=\"aligncenter size-full wp-image-3071\" title=\"cartetaupelaeken14\" src=\"http:\/\/liseduclaux.be\/blog\/wp-content\/uploads\/2014\/04\/cartetaupelaeken14.jpg\" alt=\"\" width=\"450\" height=\"636\" srcset=\"https:\/\/liseduclaux.be\/blog\/wp-content\/uploads\/2014\/04\/cartetaupelaeken14.jpg 450w, https:\/\/liseduclaux.be\/blog\/wp-content\/uploads\/2014\/04\/cartetaupelaeken14-212x300.jpg 212w\" sizes=\"(max-width: 450px) 100vw, 450px\" \/><\/p>\n<p><em><br \/>\nIl n'y a pas de taupe dans mon jardin, mais j'en ai une dans la t\u00eate n\u00b016 <em>(art de taupe + vue de l'esprit sous terre + domaine de l'esprit)<\/em><\/em>, s\u00e9rigraphie 72 x 51 cm, 10 ex, 2014<\/p>\n<p><img loading=\"lazy\" decoding=\"async\" class=\"aligncenter size-full wp-image-3070\" title=\"cartetaupelaeken_16\" src=\"http:\/\/liseduclaux.be\/blog\/wp-content\/uploads\/2014\/04\/cartetaupelaeken_16.jpg\" alt=\"\" width=\"600\" height=\"424\" srcset=\"https:\/\/liseduclaux.be\/blog\/wp-content\/uploads\/2014\/04\/cartetaupelaeken_16.jpg 600w, https:\/\/liseduclaux.be\/blog\/wp-content\/uploads\/2014\/04\/cartetaupelaeken_16-300x212.jpg 300w\" sizes=\"(max-width: 600px) 100vw, 600px\" \/><br \/>\n<em>constellations de taupes,<\/em> vu du ciel, park de laeken f\u00e9vrier 2014<br \/>\ns\u00e9rigraphie 55 x 92 cm, 10 ex, 2014<\/p>\n<p><img loading=\"lazy\" decoding=\"async\" class=\"aligncenter size-full wp-image-3073\" title=\"constellations_de_taupes92x65_blog\" src=\"http:\/\/liseduclaux.be\/blog\/wp-content\/uploads\/2014\/04\/constellations_de_taupes92x65_blog.jpg\" alt=\"\" width=\"600\" height=\"424\" srcset=\"https:\/\/liseduclaux.be\/blog\/wp-content\/uploads\/2014\/04\/constellations_de_taupes92x65_blog.jpg 600w, https:\/\/liseduclaux.be\/blog\/wp-content\/uploads\/2014\/04\/constellations_de_taupes92x65_blog-300x212.jpg 300w\" sizes=\"(max-width: 600px) 100vw, 600px\" \/><\/p>\n<p>d\u00e9tail, <em>constellation f, domaine public<\/em><\/p>\n<p><img loading=\"lazy\" decoding=\"async\" class=\"aligncenter size-full wp-image-3085\" title=\"constellations_de_taupesdetailf_domainepublic\" src=\"http:\/\/liseduclaux.be\/blog\/wp-content\/uploads\/2014\/04\/constellations_de_taupesdetailf_domainepublic.jpg\" alt=\"\" width=\"600\" height=\"361\" srcset=\"https:\/\/liseduclaux.be\/blog\/wp-content\/uploads\/2014\/04\/constellations_de_taupesdetailf_domainepublic.jpg 600w, https:\/\/liseduclaux.be\/blog\/wp-content\/uploads\/2014\/04\/constellations_de_taupesdetailf_domainepublic-300x180.jpg 300w\" sizes=\"(max-width: 600px) 100vw, 600px\" \/>d\u00e9tail, <em>constellation n\u00b04, domaine royal<\/em><\/p>\n<p><img loading=\"lazy\" decoding=\"async\" class=\"aligncenter size-full wp-image-3086\" title=\"constellations_de_taupesdetailf_domaineroyal\" src=\"http:\/\/liseduclaux.be\/blog\/wp-content\/uploads\/2014\/04\/constellations_de_taupesdetailf_domaineroyal.jpg\" alt=\"\" width=\"600\" height=\"352\" srcset=\"https:\/\/liseduclaux.be\/blog\/wp-content\/uploads\/2014\/04\/constellations_de_taupesdetailf_domaineroyal.jpg 600w, https:\/\/liseduclaux.be\/blog\/wp-content\/uploads\/2014\/04\/constellations_de_taupesdetailf_domaineroyal-300x176.jpg 300w\" sizes=\"(max-width: 600px) 100vw, 600px\" \/><\/p>\n<p><em><br \/>\nmonde taupes,<\/em> dessin 29,7 x 21 cm<\/p>\n<p><img loading=\"lazy\" decoding=\"async\" class=\"aligncenter size-full wp-image-3079\" title=\"mondetaupes_blog\" src=\"http:\/\/liseduclaux.be\/blog\/wp-content\/uploads\/2014\/04\/mondetaupes_blog.jpg\" alt=\"\" width=\"450\" height=\"644\" srcset=\"https:\/\/liseduclaux.be\/blog\/wp-content\/uploads\/2014\/04\/mondetaupes_blog.jpg 450w, https:\/\/liseduclaux.be\/blog\/wp-content\/uploads\/2014\/04\/mondetaupes_blog-209x300.jpg 209w\" sizes=\"(max-width: 450px) 100vw, 450px\" \/><\/p>\n<p><em><br \/>\nmonde hommes<\/em>, dessin 29,7 x 21 cm<\/p>\n<p><img loading=\"lazy\" decoding=\"async\" class=\"aligncenter size-full wp-image-3078\" title=\"mondehomme_blog\" src=\"http:\/\/liseduclaux.be\/blog\/wp-content\/uploads\/2014\/04\/mondehomme_blog.jpg\" alt=\"\" width=\"450\" height=\"636\" srcset=\"https:\/\/liseduclaux.be\/blog\/wp-content\/uploads\/2014\/04\/mondehomme_blog.jpg 450w, https:\/\/liseduclaux.be\/blog\/wp-content\/uploads\/2014\/04\/mondehomme_blog-212x300.jpg 212w\" sizes=\"(max-width: 450px) 100vw, 450px\" \/><\/p>\n<p><em><br \/>\nnos pens\u00e9es cr\u00e9ent instantan\u00e9ment des formes<\/em>, s\u00e9rigraphie 72 x 51 cm, 2014<\/p>\n<p><img loading=\"lazy\" decoding=\"async\" class=\"aligncenter size-full wp-image-3080\" title=\"nospensees+artdetaupeetvuesdel'esprit15_blog\" src=\"http:\/\/liseduclaux.be\/blog\/wp-content\/uploads\/2014\/04\/nospensees+artdetaupeetvuesdelesprit15_blog.jpg\" alt=\"\" width=\"450\" height=\"635\" srcset=\"https:\/\/liseduclaux.be\/blog\/wp-content\/uploads\/2014\/04\/nospensees+artdetaupeetvuesdelesprit15_blog.jpg 450w, https:\/\/liseduclaux.be\/blog\/wp-content\/uploads\/2014\/04\/nospensees+artdetaupeetvuesdelesprit15_blog-212x300.jpg 212w\" sizes=\"(max-width: 450px) 100vw, 450px\" \/><\/p>\n<p><em><br \/>\nle temps se vit gr\u00e2ce aux mouvements des formes<\/em>, s\u00e9rigraphie 72 x 51 cm, 2014<\/p>\n<p><img loading=\"lazy\" decoding=\"async\" class=\"aligncenter size-full wp-image-3127\" title=\"letemps+domainedel'esprit14_blog\" src=\"http:\/\/liseduclaux.be\/blog\/wp-content\/uploads\/2014\/05\/letemps+domainedelesprit14_blog.jpg\" alt=\"\" width=\"450\" height=\"635\" srcset=\"https:\/\/liseduclaux.be\/blog\/wp-content\/uploads\/2014\/05\/letemps+domainedelesprit14_blog.jpg 450w, https:\/\/liseduclaux.be\/blog\/wp-content\/uploads\/2014\/05\/letemps+domainedelesprit14_blog-212x300.jpg 212w\" sizes=\"(max-width: 450px) 100vw, 450px\" \/><\/p>\n<p><em><br \/>\nce qui est silencieux est essentiel<\/em>, s\u00e9rigraphie 72 x 51 cm, 2014<\/p>\n<p><img loading=\"lazy\" decoding=\"async\" class=\"aligncenter size-full wp-image-3081\" title=\"silencieux+domainedelesprit15_blog\" src=\"http:\/\/liseduclaux.be\/blog\/wp-content\/uploads\/2014\/04\/silencieux+domainedelesprit15_blog.jpg\" alt=\"\" width=\"450\" height=\"635\" srcset=\"https:\/\/liseduclaux.be\/blog\/wp-content\/uploads\/2014\/04\/silencieux+domainedelesprit15_blog.jpg 450w, https:\/\/liseduclaux.be\/blog\/wp-content\/uploads\/2014\/04\/silencieux+domainedelesprit15_blog-212x300.jpg 212w\" sizes=\"(max-width: 450px) 100vw, 450px\" \/><br \/>\n<em><br \/>\nl'escargot n'a pas le sentiment d'avancer lentement<\/em>, s\u00e9rigraphie 72 x 51 cm, 2014<\/p>\n<p><img loading=\"lazy\" decoding=\"async\" class=\"aligncenter size-full wp-image-3074\" title=\"escargot_blog\" src=\"http:\/\/liseduclaux.be\/blog\/wp-content\/uploads\/2014\/04\/escargot_blog.jpg\" alt=\"\" width=\"450\" height=\"635\" srcset=\"https:\/\/liseduclaux.be\/blog\/wp-content\/uploads\/2014\/04\/escargot_blog.jpg 450w, https:\/\/liseduclaux.be\/blog\/wp-content\/uploads\/2014\/04\/escargot_blog-212x300.jpg 212w\" sizes=\"(max-width: 450px) 100vw, 450px\" \/><\/p>\n<table style=\"height: 18px;\" cellspacing=\"0\" cellpadding=\"0\" width=\"4\" summary=\"ITW 50\u00b0Nord\">\n<tbody><\/tbody>\n<tbody><\/tbody>\n<\/table>\n","protected":false},"excerpt":{"rendered":"<p>Lettre \u00e0 leurs Majest\u00e9s le Roi et la Reine\u00a0des Belges s\u00e9rigraphie 42 x 29,7 cm, d\u00e9pos\u00e9e le 4 avril 2014, au Palais Royal \u00e0 Bruxelles A leurs Majest\u00e9s le Roi et la Reine\u00a0des Belges Selon la convention, une taupini\u00e8re ne procure aucune sensation de beaut\u00e9. Elle est consid\u00e9r\u00e9e comme inesth\u00e9tique sur une pelouse. Cependant, les [&hellip;]<\/p>\n","protected":false},"author":1,"featured_media":0,"comment_status":"closed","ping_status":"open","sticky":false,"template":"","format":"standard","meta":{"footnotes":""},"categories":[51],"tags":[],"_links":{"self":[{"href":"https:\/\/liseduclaux.be\/blog\/index.php?rest_route=\/wp\/v2\/posts\/3088"}],"collection":[{"href":"https:\/\/liseduclaux.be\/blog\/index.php?rest_route=\/wp\/v2\/posts"}],"about":[{"href":"https:\/\/liseduclaux.be\/blog\/index.php?rest_route=\/wp\/v2\/types\/post"}],"author":[{"embeddable":true,"href":"https:\/\/liseduclaux.be\/blog\/index.php?rest_route=\/wp\/v2\/users\/1"}],"replies":[{"embeddable":true,"href":"https:\/\/liseduclaux.be\/blog\/index.php?rest_route=%2Fwp%2Fv2%2Fcomments&post=3088"}],"version-history":[{"count":105,"href":"https:\/\/liseduclaux.be\/blog\/index.php?rest_route=\/wp\/v2\/posts\/3088\/revisions"}],"predecessor-version":[{"id":3187,"href":"https:\/\/liseduclaux.be\/blog\/index.php?rest_route=\/wp\/v2\/posts\/3088\/revisions\/3187"}],"wp:attachment":[{"href":"https:\/\/liseduclaux.be\/blog\/index.php?rest_route=%2Fwp%2Fv2%2Fmedia&parent=3088"}],"wp:term":[{"taxonomy":"category","embeddable":true,"href":"https:\/\/liseduclaux.be\/blog\/index.php?rest_route=%2Fwp%2Fv2%2Fcategories&post=3088"},{"taxonomy":"post_tag","embeddable":true,"href":"https:\/\/liseduclaux.be\/blog\/index.php?rest_route=%2Fwp%2Fv2%2Ftags&post=3088"}],"curies":[{"name":"wp","href":"https:\/\/api.w.org\/{rel}","templated":true}]}}