{"id":3794,"date":"2015-12-17T09:46:13","date_gmt":"2015-12-17T07:46:13","guid":{"rendered":"http:\/\/liseduclaux.be\/blog\/?p=3794"},"modified":"2016-04-26T15:42:01","modified_gmt":"2016-04-26T13:42:01","slug":"le-temps-cest-quand-meme-de-lespace","status":"publish","type":"post","link":"https:\/\/liseduclaux.be\/blog\/?p=3794","title":{"rendered":"le temps c'est quand m\u00eame de l'espace"},"content":{"rendered":"<p><strong>le temps c'est quand m\u00eame de l'espace<\/strong><br \/>\nexposition \u00e9parpill\u00e9e au coll\u00e8ge Maxime Deyts de Bailleul<\/p>\n<p style=\"text-align: center;\"><img loading=\"lazy\" decoding=\"async\" class=\"size-full wp-image-3798  aligncenter\" title=\"cartoneroa02-liseduclaux\" src=\"http:\/\/liseduclaux.be\/blog\/wp-content\/uploads\/2015\/12\/cartoneroa02-liseduclaux.jpg\" alt=\"\" width=\"450\" height=\"635\" srcset=\"https:\/\/liseduclaux.be\/blog\/wp-content\/uploads\/2015\/12\/cartoneroa02-liseduclaux.jpg 450w, https:\/\/liseduclaux.be\/blog\/wp-content\/uploads\/2015\/12\/cartoneroa02-liseduclaux-212x300.jpg 212w\" sizes=\"(max-width: 450px) 100vw, 450px\" \/><br \/>\n<img loading=\"lazy\" decoding=\"async\" class=\"size-full wp-image-3796  aligncenter\" title=\"cartoneroa02-2blog\" src=\"http:\/\/liseduclaux.be\/blog\/wp-content\/uploads\/2015\/12\/cartoneroa02-2blog.jpg\" alt=\"\" width=\"450\" height=\"635\" srcset=\"https:\/\/liseduclaux.be\/blog\/wp-content\/uploads\/2015\/12\/cartoneroa02-2blog.jpg 450w, https:\/\/liseduclaux.be\/blog\/wp-content\/uploads\/2015\/12\/cartoneroa02-2blog-212x300.jpg 212w\" sizes=\"(max-width: 450px) 100vw, 450px\" \/><\/p>\n<p>le temps c'est quand m\u00eame de l'espace - match de foot \u00e0 12 lignes, 12 mains, 12 joueurs - 59,4 x 42 cm<\/p>\n<p style=\"text-align: center;\"><img loading=\"lazy\" decoding=\"async\" class=\"size-full wp-image-3799  aligncenter\" title=\"foot12lignes_liseduclaux\" src=\"http:\/\/liseduclaux.be\/blog\/wp-content\/uploads\/2015\/12\/foot12lignes_liseduclaux.jpg\" alt=\"\" width=\"600\" height=\"459\" srcset=\"https:\/\/liseduclaux.be\/blog\/wp-content\/uploads\/2015\/12\/foot12lignes_liseduclaux.jpg 600w, https:\/\/liseduclaux.be\/blog\/wp-content\/uploads\/2015\/12\/foot12lignes_liseduclaux-300x229.jpg 300w\" sizes=\"(max-width: 600px) 100vw, 600px\" \/><\/p>\n<p>le temps c'est quand m\u00eame de l'espace - gymnastique libre \u00e0 18 lignes, 18 mains, 18 gymnastes - 59,4 x 42 cm<\/p>\n<p style=\"text-align: center;\"><img loading=\"lazy\" decoding=\"async\" class=\"size-full wp-image-3800  aligncenter\" title=\"gymlibre_18lignes_liseduclaux\" src=\"http:\/\/liseduclaux.be\/blog\/wp-content\/uploads\/2015\/12\/gymlibre_18lignes_liseduclaux.jpg\" alt=\"\" width=\"600\" height=\"430\" srcset=\"https:\/\/liseduclaux.be\/blog\/wp-content\/uploads\/2015\/12\/gymlibre_18lignes_liseduclaux.jpg 600w, https:\/\/liseduclaux.be\/blog\/wp-content\/uploads\/2015\/12\/gymlibre_18lignes_liseduclaux-300x215.jpg 300w\" sizes=\"(max-width: 600px) 100vw, 600px\" \/><\/p>\n<p>le temps c'est quand m\u00eame de l'espace - fen\u00eatre sur cour \u00e0 21 lignes, 21 mains et un nombre ind\u00e9fini de coll\u00e9giens en r\u00e9cr\u00e9ation - 59,4 x 42 cm<\/p>\n<p style=\"text-align: center;\"><img loading=\"lazy\" decoding=\"async\" class=\"size-full wp-image-3797  aligncenter\" title=\"courrecreation_20lignes_liseduclaux\" src=\"http:\/\/liseduclaux.be\/blog\/wp-content\/uploads\/2015\/12\/courrecreation_20lignes_liseduclaux.jpg\" alt=\"\" width=\"600\" height=\"430\" srcset=\"https:\/\/liseduclaux.be\/blog\/wp-content\/uploads\/2015\/12\/courrecreation_20lignes_liseduclaux.jpg 600w, https:\/\/liseduclaux.be\/blog\/wp-content\/uploads\/2015\/12\/courrecreation_20lignes_liseduclaux-300x215.jpg 300w\" sizes=\"(max-width: 600px) 100vw, 600px\" \/><\/p>\n<p style=\"text-align: center;\"><img loading=\"lazy\" decoding=\"async\" class=\"size-full wp-image-3801  aligncenter\" title=\"letemps_liseduclaux\" src=\"http:\/\/liseduclaux.be\/blog\/wp-content\/uploads\/2015\/12\/letemps_liseduclaux.jpg\" alt=\"\" width=\"450\" height=\"630\" srcset=\"https:\/\/liseduclaux.be\/blog\/wp-content\/uploads\/2015\/12\/letemps_liseduclaux.jpg 450w, https:\/\/liseduclaux.be\/blog\/wp-content\/uploads\/2015\/12\/letemps_liseduclaux-214x300.jpg 214w\" sizes=\"(max-width: 450px) 100vw, 450px\" \/><\/p>\n","protected":false},"excerpt":{"rendered":"<p>le temps c'est quand m\u00eame de l'espace exposition \u00e9parpill\u00e9e au coll\u00e8ge Maxime Deyts de Bailleul le temps c'est quand m\u00eame de l'espace - match de foot \u00e0 12 lignes, 12 mains, 12 joueurs - 59,4 x 42 cm le temps c'est quand m\u00eame de l'espace - gymnastique libre \u00e0 18 lignes, 18 mains, 18 gymnastes [&hellip;]<\/p>\n","protected":false},"author":1,"featured_media":0,"comment_status":"closed","ping_status":"open","sticky":false,"template":"","format":"standard","meta":{"footnotes":""},"categories":[55,4],"tags":[],"_links":{"self":[{"href":"https:\/\/liseduclaux.be\/blog\/index.php?rest_route=\/wp\/v2\/posts\/3794"}],"collection":[{"href":"https:\/\/liseduclaux.be\/blog\/index.php?rest_route=\/wp\/v2\/posts"}],"about":[{"href":"https:\/\/liseduclaux.be\/blog\/index.php?rest_route=\/wp\/v2\/types\/post"}],"author":[{"embeddable":true,"href":"https:\/\/liseduclaux.be\/blog\/index.php?rest_route=\/wp\/v2\/users\/1"}],"replies":[{"embeddable":true,"href":"https:\/\/liseduclaux.be\/blog\/index.php?rest_route=%2Fwp%2Fv2%2Fcomments&post=3794"}],"version-history":[{"count":18,"href":"https:\/\/liseduclaux.be\/blog\/index.php?rest_route=\/wp\/v2\/posts\/3794\/revisions"}],"predecessor-version":[{"id":3893,"href":"https:\/\/liseduclaux.be\/blog\/index.php?rest_route=\/wp\/v2\/posts\/3794\/revisions\/3893"}],"wp:attachment":[{"href":"https:\/\/liseduclaux.be\/blog\/index.php?rest_route=%2Fwp%2Fv2%2Fmedia&parent=3794"}],"wp:term":[{"taxonomy":"category","embeddable":true,"href":"https:\/\/liseduclaux.be\/blog\/index.php?rest_route=%2Fwp%2Fv2%2Fcategories&post=3794"},{"taxonomy":"post_tag","embeddable":true,"href":"https:\/\/liseduclaux.be\/blog\/index.php?rest_route=%2Fwp%2Fv2%2Ftags&post=3794"}],"curies":[{"name":"wp","href":"https:\/\/api.w.org\/{rel}","templated":true}]}}