{"id":4778,"date":"2019-03-10T12:36:13","date_gmt":"2019-03-10T11:36:13","guid":{"rendered":"http:\/\/liseduclaux.be\/blog\/?p=4778"},"modified":"2019-04-26T14:03:05","modified_gmt":"2019-04-26T12:03:05","slug":"temperer-lespace-espacer-le-temps","status":"publish","type":"post","link":"https:\/\/liseduclaux.be\/blog\/?p=4778","title":{"rendered":"temp\u00e9rer l'espace, espacer le temps"},"content":{"rendered":"<p><strong>des histoires \u00e9parpill\u00e9es de haut en bas et de bas en haut<\/strong><b><br \/>\n<\/b><i>scattered stories from top to bottom and bottom to top<\/i><\/p>\n<p><img loading=\"lazy\" decoding=\"async\" class=\"aligncenter size-full wp-image-4781\" src=\"http:\/\/liseduclaux.be\/blog\/wp-content\/uploads\/2019\/03\/liseduclaux_cartonrecto_llspaleis_blog.jpg\" alt=\"\" width=\"600\" height=\"851\" srcset=\"https:\/\/liseduclaux.be\/blog\/wp-content\/uploads\/2019\/03\/liseduclaux_cartonrecto_llspaleis_blog.jpg 600w, https:\/\/liseduclaux.be\/blog\/wp-content\/uploads\/2019\/03\/liseduclaux_cartonrecto_llspaleis_blog-212x300.jpg 212w\" sizes=\"(max-width: 600px) 100vw, 600px\" \/><\/p>\n<p><span style=\"color: #800000;\"><strong>lls Paleis<br \/>\n<a href=\"http:\/\/llspaleis.be\/\" target=\"_blank\" rel=\"noopener\">www.llspaleis.be<\/a><br \/>\n<\/strong><\/span><strong>exhibition 10.03.2019 \u2013 21.04.2019<\/strong><br \/>\nthursday \u2013 sunday from 2-6 pm and by appointment<br \/>\nPaleisstraat 140<br \/>\n2018 Antwerpen<\/p>\n<p><strong><span style=\"color: #800000;\">journ\u00e9es inaccoutum\u00e9es - <em>unusual days<\/em><\/span><\/strong><\/p>\n<p><strong>31-03-2019, 3pm<br \/>\npromenade de pas de porte \u2013 corner walk<\/strong><br \/>\n<em>\u00e0 propos de quelques \u00eatres spontan\u00e9s du coin<\/em><br \/>\n<em>about some locals spontaneous beings<\/em><\/p>\n<p><strong>21.04.2019, 2 - 7 pm<\/strong><br \/>\n<strong>adopter une oeuvre originale<\/strong> <em>accompagn\u00e9e d\u2019un certificat tamponn\u00e9, dat\u00e9 et sign\u00e9<\/em><br \/>\n<em>le bureau des plantes de bruxelles est ouvert pour les formalit\u00e9s d\u2019usage<\/em><\/p>\n<p><strong>adopt an original work<\/strong> <em>accompanied by a stamped, dated and signed certificate<\/em><br \/>\n<em>the brussels plants desk is open for the usual formalities<\/em><\/p>\n","protected":false},"excerpt":{"rendered":"<p>des histoires \u00e9parpill\u00e9es de haut en bas et de bas en haut scattered stories from top to bottom and bottom to top lls Paleis www.llspaleis.be exhibition 10.03.2019 \u2013 21.04.2019 thursday \u2013 sunday from 2-6 pm and by appointment Paleisstraat 140 2018 Antwerpen journ\u00e9es inaccoutum\u00e9es - unusual days 31-03-2019, 3pm promenade de pas de porte \u2013 [&hellip;]<\/p>\n","protected":false},"author":1,"featured_media":0,"comment_status":"closed","ping_status":"open","sticky":false,"template":"","format":"standard","meta":{"footnotes":""},"categories":[66],"tags":[],"_links":{"self":[{"href":"https:\/\/liseduclaux.be\/blog\/index.php?rest_route=\/wp\/v2\/posts\/4778"}],"collection":[{"href":"https:\/\/liseduclaux.be\/blog\/index.php?rest_route=\/wp\/v2\/posts"}],"about":[{"href":"https:\/\/liseduclaux.be\/blog\/index.php?rest_route=\/wp\/v2\/types\/post"}],"author":[{"embeddable":true,"href":"https:\/\/liseduclaux.be\/blog\/index.php?rest_route=\/wp\/v2\/users\/1"}],"replies":[{"embeddable":true,"href":"https:\/\/liseduclaux.be\/blog\/index.php?rest_route=%2Fwp%2Fv2%2Fcomments&post=4778"}],"version-history":[{"count":6,"href":"https:\/\/liseduclaux.be\/blog\/index.php?rest_route=\/wp\/v2\/posts\/4778\/revisions"}],"predecessor-version":[{"id":4784,"href":"https:\/\/liseduclaux.be\/blog\/index.php?rest_route=\/wp\/v2\/posts\/4778\/revisions\/4784"}],"wp:attachment":[{"href":"https:\/\/liseduclaux.be\/blog\/index.php?rest_route=%2Fwp%2Fv2%2Fmedia&parent=4778"}],"wp:term":[{"taxonomy":"category","embeddable":true,"href":"https:\/\/liseduclaux.be\/blog\/index.php?rest_route=%2Fwp%2Fv2%2Fcategories&post=4778"},{"taxonomy":"post_tag","embeddable":true,"href":"https:\/\/liseduclaux.be\/blog\/index.php?rest_route=%2Fwp%2Fv2%2Ftags&post=4778"}],"curies":[{"name":"wp","href":"https:\/\/api.w.org\/{rel}","templated":true}]}}