{"id":4791,"date":"2019-03-28T11:03:11","date_gmt":"2019-03-28T10:03:11","guid":{"rendered":"http:\/\/liseduclaux.be\/blog\/?p=4791"},"modified":"2020-01-04T22:34:07","modified_gmt":"2020-01-04T21:34:07","slug":"promenade-de-pas-de-porte-paris","status":"publish","type":"post","link":"https:\/\/liseduclaux.be\/blog\/?p=4791","title":{"rendered":"promenade de pas de porte  - paris"},"content":{"rendered":"<p><strong>Carte blanche \u00e0 Antoine Pickels<\/strong><span class=\"m_-5250749518630711776Apple-converted-space\"><strong>\u00a0 - TROUBLE<\/strong> <\/span><br \/>\nKubra Khademi \/Lise Duclaux \/Claude Cattelain \/ Oph\u00e9lie Mac<br \/>\n<b>Trouble Festival #10 \/ Redux<\/b>, centre Wallonie Bruxelles Paris<\/p>\n<p><em>promenade de pas de porte<\/em>, <strong>performance<\/strong><\/p>\n<p>les cosmopolites: la vergerette, la mercuriale foireuse, robert le g\u00e9ranium et la ruine de rome, le pissenlit et l'oxalis cornicul\u00e9, l'arbre \u00e0 papillon et le saule marsault<\/p>\n<p><img loading=\"lazy\" decoding=\"async\" class=\"aligncenter size-full wp-image-4793\" src=\"http:\/\/liseduclaux.be\/blog\/wp-content\/uploads\/2019\/04\/promenade_de_pas_de_porte_liseduclaux_blog.jpg\" alt=\"\" width=\"600\" height=\"520\" srcset=\"https:\/\/liseduclaux.be\/blog\/wp-content\/uploads\/2019\/04\/promenade_de_pas_de_porte_liseduclaux_blog.jpg 600w, https:\/\/liseduclaux.be\/blog\/wp-content\/uploads\/2019\/04\/promenade_de_pas_de_porte_liseduclaux_blog-300x260.jpg 300w\" sizes=\"(max-width: 600px) 100vw, 600px\" \/><\/p>\n<p><img loading=\"lazy\" decoding=\"async\" class=\"aligncenter size-full wp-image-4794\" src=\"http:\/\/liseduclaux.be\/blog\/wp-content\/uploads\/2019\/04\/promenade_de_pas_de_porte_wbparis_liseduclaux_blog.jpg\" alt=\"\" width=\"600\" height=\"599\" srcset=\"https:\/\/liseduclaux.be\/blog\/wp-content\/uploads\/2019\/04\/promenade_de_pas_de_porte_wbparis_liseduclaux_blog.jpg 600w, https:\/\/liseduclaux.be\/blog\/wp-content\/uploads\/2019\/04\/promenade_de_pas_de_porte_wbparis_liseduclaux_blog-150x150.jpg 150w, https:\/\/liseduclaux.be\/blog\/wp-content\/uploads\/2019\/04\/promenade_de_pas_de_porte_wbparis_liseduclaux_blog-300x300.jpg 300w\" sizes=\"(max-width: 600px) 100vw, 600px\" \/><\/p>\n","protected":false},"excerpt":{"rendered":"<p>Carte blanche \u00e0 Antoine Pickels\u00a0 - TROUBLE Kubra Khademi \/Lise Duclaux \/Claude Cattelain \/ Oph\u00e9lie Mac Trouble Festival #10 \/ Redux, centre Wallonie Bruxelles Paris promenade de pas de porte, performance les cosmopolites: la vergerette, la mercuriale foireuse, robert le g\u00e9ranium et la ruine de rome, le pissenlit et l'oxalis cornicul\u00e9, l'arbre \u00e0 papillon et [&hellip;]<\/p>\n","protected":false},"author":1,"featured_media":0,"comment_status":"closed","ping_status":"open","sticky":false,"template":"","format":"standard","meta":{"footnotes":""},"categories":[65,61],"tags":[],"_links":{"self":[{"href":"https:\/\/liseduclaux.be\/blog\/index.php?rest_route=\/wp\/v2\/posts\/4791"}],"collection":[{"href":"https:\/\/liseduclaux.be\/blog\/index.php?rest_route=\/wp\/v2\/posts"}],"about":[{"href":"https:\/\/liseduclaux.be\/blog\/index.php?rest_route=\/wp\/v2\/types\/post"}],"author":[{"embeddable":true,"href":"https:\/\/liseduclaux.be\/blog\/index.php?rest_route=\/wp\/v2\/users\/1"}],"replies":[{"embeddable":true,"href":"https:\/\/liseduclaux.be\/blog\/index.php?rest_route=%2Fwp%2Fv2%2Fcomments&post=4791"}],"version-history":[{"count":4,"href":"https:\/\/liseduclaux.be\/blog\/index.php?rest_route=\/wp\/v2\/posts\/4791\/revisions"}],"predecessor-version":[{"id":4797,"href":"https:\/\/liseduclaux.be\/blog\/index.php?rest_route=\/wp\/v2\/posts\/4791\/revisions\/4797"}],"wp:attachment":[{"href":"https:\/\/liseduclaux.be\/blog\/index.php?rest_route=%2Fwp%2Fv2%2Fmedia&parent=4791"}],"wp:term":[{"taxonomy":"category","embeddable":true,"href":"https:\/\/liseduclaux.be\/blog\/index.php?rest_route=%2Fwp%2Fv2%2Fcategories&post=4791"},{"taxonomy":"post_tag","embeddable":true,"href":"https:\/\/liseduclaux.be\/blog\/index.php?rest_route=%2Fwp%2Fv2%2Ftags&post=4791"}],"curies":[{"name":"wp","href":"https:\/\/api.w.org\/{rel}","templated":true}]}}