{"id":4980,"date":"2019-11-17T22:32:33","date_gmt":"2019-11-17T21:32:33","guid":{"rendered":"http:\/\/liseduclaux.be\/blog\/?p=4980"},"modified":"2020-04-15T16:05:42","modified_gmt":"2020-04-15T14:05:42","slug":"les-errantes-naturelles","status":"publish","type":"post","link":"https:\/\/liseduclaux.be\/blog\/?p=4980","title":{"rendered":"les errantes naturelles"},"content":{"rendered":"<p><em><strong>les errantes naturelles<br \/>\n<\/strong><\/em>rue du Palais 1, Li\u00e8ge<\/p>\n<p>art au centre - <strong>Commissaire : <\/strong>Anna Ozanne<\/p>\n<p>\u00e0 propos de quelques \u00eatres vivant dans les interstices<br \/>\nnos compagnons discrets et spontan\u00e9s du coin<\/p>\n<p>maquette\/notes<\/p>\n<p><img loading=\"lazy\" decoding=\"async\" class=\"aligncenter size-full wp-image-5005\" src=\"http:\/\/liseduclaux.be\/blog\/wp-content\/uploads\/2020\/01\/les-errantes-naturelles_maquette01_02_2019_\u00a9liseduclaux.jpg\" alt=\"\" width=\"600\" height=\"424\" srcset=\"https:\/\/liseduclaux.be\/blog\/wp-content\/uploads\/2020\/01\/les-errantes-naturelles_maquette01_02_2019_\u00a9liseduclaux.jpg 600w, https:\/\/liseduclaux.be\/blog\/wp-content\/uploads\/2020\/01\/les-errantes-naturelles_maquette01_02_2019_\u00a9liseduclaux-300x212.jpg 300w\" sizes=\"(max-width: 600px) 100vw, 600px\" \/><\/p>\n<p>&nbsp;<\/p>\n<p><img loading=\"lazy\" decoding=\"async\" class=\"aligncenter size-full wp-image-5004\" src=\"http:\/\/liseduclaux.be\/blog\/wp-content\/uploads\/2020\/01\/les-errantes-naturelles_maquette_detail_2019_\u00a9liseduclaux.jpg\" alt=\"\" width=\"600\" height=\"526\" srcset=\"https:\/\/liseduclaux.be\/blog\/wp-content\/uploads\/2020\/01\/les-errantes-naturelles_maquette_detail_2019_\u00a9liseduclaux.jpg 600w, https:\/\/liseduclaux.be\/blog\/wp-content\/uploads\/2020\/01\/les-errantes-naturelles_maquette_detail_2019_\u00a9liseduclaux-300x263.jpg 300w\" sizes=\"(max-width: 600px) 100vw, 600px\" \/><\/p>\n<p>rue du Palais 1, Li\u00e8ge<\/p>\n<p><img loading=\"lazy\" decoding=\"async\" class=\"aligncenter size-full wp-image-5002\" src=\"http:\/\/liseduclaux.be\/blog\/wp-content\/uploads\/2020\/01\/les-errantes-naturelles_AAN3961-copy_\u00a9liseduclaux.jpg\" alt=\"\" width=\"600\" height=\"536\" srcset=\"https:\/\/liseduclaux.be\/blog\/wp-content\/uploads\/2020\/01\/les-errantes-naturelles_AAN3961-copy_\u00a9liseduclaux.jpg 600w, https:\/\/liseduclaux.be\/blog\/wp-content\/uploads\/2020\/01\/les-errantes-naturelles_AAN3961-copy_\u00a9liseduclaux-300x268.jpg 300w\" sizes=\"(max-width: 600px) 100vw, 600px\" \/><\/p>\n<p><img loading=\"lazy\" decoding=\"async\" class=\"aligncenter size-full wp-image-5006\" src=\"http:\/\/liseduclaux.be\/blog\/wp-content\/uploads\/2020\/01\/les-errantes-naturelles_IMG_1602_\u00a9lise-duclaux.jpg\" alt=\"\" width=\"600\" height=\"419\" srcset=\"https:\/\/liseduclaux.be\/blog\/wp-content\/uploads\/2020\/01\/les-errantes-naturelles_IMG_1602_\u00a9lise-duclaux.jpg 600w, https:\/\/liseduclaux.be\/blog\/wp-content\/uploads\/2020\/01\/les-errantes-naturelles_IMG_1602_\u00a9lise-duclaux-300x210.jpg 300w\" sizes=\"(max-width: 600px) 100vw, 600px\" \/><\/p>\n<p>&nbsp;<\/p>\n<p>&nbsp;<\/p>\n","protected":false},"excerpt":{"rendered":"<p>les errantes naturelles rue du Palais 1, Li\u00e8ge art au centre - Commissaire : Anna Ozanne \u00e0 propos de quelques \u00eatres vivant dans les interstices nos compagnons discrets et spontan\u00e9s du coin maquette\/notes &nbsp; rue du Palais 1, Li\u00e8ge &nbsp; &nbsp;<\/p>\n","protected":false},"author":1,"featured_media":0,"comment_status":"closed","ping_status":"open","sticky":false,"template":"","format":"standard","meta":{"footnotes":""},"categories":[1,61],"tags":[],"_links":{"self":[{"href":"https:\/\/liseduclaux.be\/blog\/index.php?rest_route=\/wp\/v2\/posts\/4980"}],"collection":[{"href":"https:\/\/liseduclaux.be\/blog\/index.php?rest_route=\/wp\/v2\/posts"}],"about":[{"href":"https:\/\/liseduclaux.be\/blog\/index.php?rest_route=\/wp\/v2\/types\/post"}],"author":[{"embeddable":true,"href":"https:\/\/liseduclaux.be\/blog\/index.php?rest_route=\/wp\/v2\/users\/1"}],"replies":[{"embeddable":true,"href":"https:\/\/liseduclaux.be\/blog\/index.php?rest_route=%2Fwp%2Fv2%2Fcomments&post=4980"}],"version-history":[{"count":5,"href":"https:\/\/liseduclaux.be\/blog\/index.php?rest_route=\/wp\/v2\/posts\/4980\/revisions"}],"predecessor-version":[{"id":5030,"href":"https:\/\/liseduclaux.be\/blog\/index.php?rest_route=\/wp\/v2\/posts\/4980\/revisions\/5030"}],"wp:attachment":[{"href":"https:\/\/liseduclaux.be\/blog\/index.php?rest_route=%2Fwp%2Fv2%2Fmedia&parent=4980"}],"wp:term":[{"taxonomy":"category","embeddable":true,"href":"https:\/\/liseduclaux.be\/blog\/index.php?rest_route=%2Fwp%2Fv2%2Fcategories&post=4980"},{"taxonomy":"post_tag","embeddable":true,"href":"https:\/\/liseduclaux.be\/blog\/index.php?rest_route=%2Fwp%2Fv2%2Ftags&post=4980"}],"curies":[{"name":"wp","href":"https:\/\/api.w.org\/{rel}","templated":true}]}}