{"id":520,"date":"2010-09-09T14:20:08","date_gmt":"2010-09-09T12:20:08","guid":{"rendered":"http:\/\/liseduclaux.be\/blog\/?p=520"},"modified":"2015-09-24T18:52:03","modified_gmt":"2015-09-24T16:52:03","slug":"plantes-de-bruxelles","status":"publish","type":"post","link":"https:\/\/liseduclaux.be\/blog\/?p=520","title":{"rendered":"plantes de bruxelles - installation \/ performance - rencontre"},"content":{"rendered":"<p><strong>Habiter po\u00e9tiquement le monde<\/strong><br \/>\n25 septembre 10 \u2013 30 janvier 11<br \/>\n<em>Exposition de r\u00e9ouverture<\/em><\/p>\n<p><strong>LAM<\/strong><br \/>\n<strong>Lille M\u00e9tropole, mus\u00e9e d\u2019art moderne, d\u2019art contemporain et d\u2019art brut<\/strong><br \/>\n1 all\u00e9e du Mus\u00e9e<br \/>\n59650 Villeneuve d\u2019Ascq, France<br \/>\n<a href=\"http:\/\/www.musee-lam.fr\/\">http:\/\/www.musee-lam.fr<\/a><\/p>\n<p><strong><em><a href=\"http:\/\/liseduclaux.be\/pdf\/habiter_poetiquement_le_monde_catalogue_lam.pdf\" target=\"_blank\"> <\/a><\/em><\/strong><\/p>\n<p><strong><em>lien: <a href=\"http:\/\/liseduclaux.be\/pdf\/habiter_poetiquement_le_monde_catalogue_lam.pdf\" target=\"_blank\">texte : <\/a><\/em><\/strong><em><a href=\"http:\/\/liseduclaux.be\/pdf\/habiter_poetiquement_le_monde_catalogue_lam.pdf\" target=\"_blank\">Lise duclaux de Claire Leboss\u00e9, catalogue Habiter po\u00e9tiquement le monde, LAM, 2010<\/a><\/em><\/p>\n<p><iframe loading=\"lazy\" src=\"https:\/\/player.vimeo.com\/video\/17371440?title=0&byline=0&portrait=0\" width=\"601\" height=\"338\" frameborder=\"0\" webkitallowfullscreen mozallowfullscreen allowfullscreen><\/iframe><\/p>\n<h3><strong>plantes de bruxelles,\u00a0 2008 \u00e0 nos jours<\/strong><\/h3>\n<p><strong>boutures, \u0153uvres originales accompagn\u00e9es de certificat de vie et d\u2019\u0153uvre tamponn\u00e9s dat\u00e9s et sign\u00e9s, \u00e0 adopter les jours de performance-rencontre<\/strong><br \/>\n<strong><em>samples, art pieces with its certificate, stamped, dated and signed, for adoption during meeting performances<\/em><\/strong><\/p>\n<p>Depuis 2003 Lise Duclaux pr\u00e9l\u00e8ve des fragments de plante chez ses   amis ou les chaparde au gr\u00e9 de ses p\u00e9r\u00e9grinations, sur des march\u00e9s, dans   des p\u00e9pini\u00e8res, des jardins botanique, ou m\u00eame dans les serres royales   de Bruxelles. Elle les bouture, les nomme et les estampille.  Les  plantes sont ensuite diss\u00e9min\u00e9es aupr\u00e8s de nouveaux propri\u00e9taires  lors  de performances-rencontres. Un \u00e9change de responsabilit\u00e9 s\u2019op\u00e8re   alors\u00a0: l\u2019artiste remet un <em>certificat de vie et d\u2019\u0153uvre<\/em>,   tamponn\u00e9, dat\u00e9 et sign\u00e9 au nouveau d\u00e9tenteur du v\u00e9g\u00e9tal, qui lui signe   en retour un registre. Plus que des plantes d\u00e9coratives, les boutures   sont des compagnes \u00e0 adopter, dont l\u2019histoire se livre dans les   certificats de vie et d\u2019\u0153uvre remis et afficher au mur.<\/p>\n<p><em>Since 2003, Lise Duclaux has been collecting indoor plant samples, some of them provided by her friends, others pinched on markets, in administration buildings, nurseries, parks or even in the Royal Greenhouses of Laeken. Home, she takes a cutting from theses samples, gives them names and labels them. She then traces their history and the basic requirements for their care on posters-certificates. During meetings-performances, she offers these samples to the audience. The new owners choose their plant mates according to their shape, color, texture and history. This gift implies the commitment of the beneficiary, who signs a register, and gets from the artist the plant and its certificate, stamped, dated and signed.<\/em><\/p>\n<p>installation:<br \/>\nlettrage adh\u00e9sif, certificats tamponn\u00e9es et sign\u00e9es , vitrine-bureau, 3  cartons pour certificats (AF, GO, PZ), classeur-registre , tampons (tous  mortels, tiens bon, y a de la place pour tous le monde, dateur), bo\u00eetes \u00e0  stylos et \u00e9lastiques, cartes anonymes, 625 boutures estampill\u00e9es de plantes d'int\u00e9rieurs, de balcon, de terrasse et rarement de jardin (maximum 200  boutures sur place - renflouage apr\u00e8s chaque performance)<\/p>\n<p><img loading=\"lazy\" decoding=\"async\" class=\"aligncenter size-full wp-image-529\" title=\"plantesdebruxelles_03\" src=\"http:\/\/liseduclaux.be\/blog\/wp-content\/uploads\/2010\/09\/plantesdebruxelles_03.jpg\" alt=\"\" width=\"680\" height=\"997\" srcset=\"https:\/\/liseduclaux.be\/blog\/wp-content\/uploads\/2010\/09\/plantesdebruxelles_03.jpg 680w, https:\/\/liseduclaux.be\/blog\/wp-content\/uploads\/2010\/09\/plantesdebruxelles_03-204x300.jpg 204w\" sizes=\"(max-width: 680px) 100vw, 680px\" \/><br \/>\n<img loading=\"lazy\" decoding=\"async\" class=\"aligncenter size-full wp-image-535\" title=\"plantedebxlhoraire\" src=\"http:\/\/liseduclaux.be\/blog\/wp-content\/uploads\/2010\/09\/plantedebxlhoraire.jpg\" alt=\"\" width=\"600\" height=\"472\" srcset=\"https:\/\/liseduclaux.be\/blog\/wp-content\/uploads\/2010\/09\/plantedebxlhoraire.jpg 600w, https:\/\/liseduclaux.be\/blog\/wp-content\/uploads\/2010\/09\/plantedebxlhoraire-300x236.jpg 300w\" sizes=\"(max-width: 600px) 100vw, 600px\" \/><\/p>\n<p style=\"text-align: center;\">\n<p><img loading=\"lazy\" decoding=\"async\" class=\"aligncenter size-full wp-image-903\" title=\"ext\u00e9rieur01\" src=\"http:\/\/liseduclaux.be\/blog\/wp-content\/uploads\/2011\/01\/ext\u00e9rieur01.jpg\" alt=\"\" width=\"600\" height=\"450\" srcset=\"https:\/\/liseduclaux.be\/blog\/wp-content\/uploads\/2011\/01\/ext\u00e9rieur01.jpg 600w, https:\/\/liseduclaux.be\/blog\/wp-content\/uploads\/2011\/01\/ext\u00e9rieur01-300x225.jpg 300w\" sizes=\"(max-width: 600px) 100vw, 600px\" \/><\/p>\n<p><img loading=\"lazy\" decoding=\"async\" class=\"aligncenter size-full wp-image-904\" title=\"ext\u00e9rieur02\" src=\"http:\/\/liseduclaux.be\/blog\/wp-content\/uploads\/2011\/01\/ext\u00e9rieur02.jpg\" alt=\"\" width=\"450\" height=\"604\" srcset=\"https:\/\/liseduclaux.be\/blog\/wp-content\/uploads\/2011\/01\/ext\u00e9rieur02.jpg 450w, https:\/\/liseduclaux.be\/blog\/wp-content\/uploads\/2011\/01\/ext\u00e9rieur02-223x300.jpg 223w\" sizes=\"(max-width: 450px) 100vw, 450px\" \/><\/p>\n<p><img loading=\"lazy\" decoding=\"async\" class=\"aligncenter size-full wp-image-913\" title=\"int\u00e9rieursoleil\" src=\"http:\/\/liseduclaux.be\/blog\/wp-content\/uploads\/2011\/01\/int\u00e9rieursoleil1.jpg\" alt=\"\" width=\"600\" height=\"434\" srcset=\"https:\/\/liseduclaux.be\/blog\/wp-content\/uploads\/2011\/01\/int\u00e9rieursoleil1.jpg 600w, https:\/\/liseduclaux.be\/blog\/wp-content\/uploads\/2011\/01\/int\u00e9rieursoleil1-300x217.jpg 300w\" sizes=\"(max-width: 600px) 100vw, 600px\" \/><\/p>\n<p><img loading=\"lazy\" decoding=\"async\" class=\"aligncenter size-full wp-image-593\" title=\"espace\" src=\"http:\/\/liseduclaux.be\/blog\/wp-content\/uploads\/2010\/11\/espace.jpg\" alt=\"\" width=\"600\" height=\"402\" srcset=\"https:\/\/liseduclaux.be\/blog\/wp-content\/uploads\/2010\/11\/espace.jpg 600w, https:\/\/liseduclaux.be\/blog\/wp-content\/uploads\/2010\/11\/espace-300x201.jpg 300w\" sizes=\"(max-width: 600px) 100vw, 600px\" \/><\/p>\n<p><img loading=\"lazy\" decoding=\"async\" class=\"aligncenter size-full wp-image-596\" title=\"espace02blog\" src=\"http:\/\/liseduclaux.be\/blog\/wp-content\/uploads\/2010\/11\/espace02blog.jpg\" alt=\"\" width=\"600\" height=\"357\" srcset=\"https:\/\/liseduclaux.be\/blog\/wp-content\/uploads\/2010\/11\/espace02blog.jpg 600w, https:\/\/liseduclaux.be\/blog\/wp-content\/uploads\/2010\/11\/espace02blog-300x178.jpg 300w\" sizes=\"(max-width: 600px) 100vw, 600px\" \/><\/p>\n<p><img loading=\"lazy\" decoding=\"async\" class=\"aligncenter size-full wp-image-594\" title=\"espace01blog\" src=\"http:\/\/liseduclaux.be\/blog\/wp-content\/uploads\/2010\/11\/espace01blog.jpg\" alt=\"\" width=\"600\" height=\"378\" srcset=\"https:\/\/liseduclaux.be\/blog\/wp-content\/uploads\/2010\/11\/espace01blog.jpg 600w, https:\/\/liseduclaux.be\/blog\/wp-content\/uploads\/2010\/11\/espace01blog-300x189.jpg 300w\" sizes=\"(max-width: 600px) 100vw, 600px\" \/><\/p>\n<p><img loading=\"lazy\" decoding=\"async\" class=\"aligncenter size-full wp-image-595\" title=\"espace02\" src=\"http:\/\/liseduclaux.be\/blog\/wp-content\/uploads\/2010\/11\/espace02.jpg\" alt=\"\" width=\"600\" height=\"402\" srcset=\"https:\/\/liseduclaux.be\/blog\/wp-content\/uploads\/2010\/11\/espace02.jpg 600w, https:\/\/liseduclaux.be\/blog\/wp-content\/uploads\/2010\/11\/espace02-300x201.jpg 300w\" sizes=\"(max-width: 600px) 100vw, 600px\" \/><\/p>\n<p><img loading=\"lazy\" decoding=\"async\" class=\"aligncenter size-full wp-image-590\" title=\"afficheblog\" src=\"http:\/\/liseduclaux.be\/blog\/wp-content\/uploads\/2010\/11\/afficheblog.jpg\" alt=\"\" width=\"600\" height=\"440\" srcset=\"https:\/\/liseduclaux.be\/blog\/wp-content\/uploads\/2010\/11\/afficheblog.jpg 600w, https:\/\/liseduclaux.be\/blog\/wp-content\/uploads\/2010\/11\/afficheblog-300x220.jpg 300w\" sizes=\"(max-width: 600px) 100vw, 600px\" \/><\/p>\n<p><img loading=\"lazy\" decoding=\"async\" class=\"aligncenter size-full wp-image-591\" title=\"afficheblog02\" src=\"http:\/\/liseduclaux.be\/blog\/wp-content\/uploads\/2010\/11\/afficheblog02.jpg\" alt=\"\" width=\"600\" height=\"434\" srcset=\"https:\/\/liseduclaux.be\/blog\/wp-content\/uploads\/2010\/11\/afficheblog02.jpg 600w, https:\/\/liseduclaux.be\/blog\/wp-content\/uploads\/2010\/11\/afficheblog02-300x217.jpg 300w\" sizes=\"(max-width: 600px) 100vw, 600px\" \/><\/p>\n<p><img loading=\"lazy\" decoding=\"async\" class=\"aligncenter size-full wp-image-609\" title=\"plante02\" src=\"http:\/\/liseduclaux.be\/blog\/wp-content\/uploads\/2010\/11\/plante02.jpg\" alt=\"\" width=\"600\" height=\"399\" srcset=\"https:\/\/liseduclaux.be\/blog\/wp-content\/uploads\/2010\/11\/plante02.jpg 600w, https:\/\/liseduclaux.be\/blog\/wp-content\/uploads\/2010\/11\/plante02-300x199.jpg 300w\" sizes=\"(max-width: 600px) 100vw, 600px\" \/><\/p>\n<p><img loading=\"lazy\" decoding=\"async\" class=\"aligncenter size-full wp-image-608\" title=\"plante01\" src=\"http:\/\/liseduclaux.be\/blog\/wp-content\/uploads\/2010\/11\/plante01.jpg\" alt=\"\" width=\"600\" height=\"399\" srcset=\"https:\/\/liseduclaux.be\/blog\/wp-content\/uploads\/2010\/11\/plante01.jpg 600w, https:\/\/liseduclaux.be\/blog\/wp-content\/uploads\/2010\/11\/plante01-300x199.jpg 300w\" sizes=\"(max-width: 600px) 100vw, 600px\" \/><\/p>\n<p><img loading=\"lazy\" decoding=\"async\" class=\"aligncenter size-full wp-image-731\" title=\"autocollant int\u008erieur\" src=\"http:\/\/liseduclaux.be\/blog\/wp-content\/uploads\/2010\/11\/plantedebxlpetitpoilue.jpg\" alt=\"\" width=\"500\" height=\"348\" srcset=\"https:\/\/liseduclaux.be\/blog\/wp-content\/uploads\/2010\/11\/plantedebxlpetitpoilue.jpg 500w, https:\/\/liseduclaux.be\/blog\/wp-content\/uploads\/2010\/11\/plantedebxlpetitpoilue-300x208.jpg 300w\" sizes=\"(max-width: 500px) 100vw, 500px\" \/><\/p>\n<p style=\"text-align: center;\">table - vitrine septembre 2010<\/p>\n<p><img loading=\"lazy\" decoding=\"async\" class=\"aligncenter size-full wp-image-597\" title=\"fardes\" src=\"http:\/\/liseduclaux.be\/blog\/wp-content\/uploads\/2010\/11\/fardes.jpg\" alt=\"\" width=\"600\" height=\"402\" srcset=\"https:\/\/liseduclaux.be\/blog\/wp-content\/uploads\/2010\/11\/fardes.jpg 600w, https:\/\/liseduclaux.be\/blog\/wp-content\/uploads\/2010\/11\/fardes-300x201.jpg 300w\" sizes=\"(max-width: 600px) 100vw, 600px\" \/><\/p>\n<p><img loading=\"lazy\" decoding=\"async\" class=\"aligncenter size-full wp-image-612\" title=\"registreblog\" src=\"http:\/\/liseduclaux.be\/blog\/wp-content\/uploads\/2010\/11\/registreblog.jpg\" alt=\"\" width=\"600\" height=\"402\" srcset=\"https:\/\/liseduclaux.be\/blog\/wp-content\/uploads\/2010\/11\/registreblog.jpg 600w, https:\/\/liseduclaux.be\/blog\/wp-content\/uploads\/2010\/11\/registreblog-300x201.jpg 300w\" sizes=\"(max-width: 600px) 100vw, 600px\" \/><\/p>\n<p><img loading=\"lazy\" decoding=\"async\" class=\"aligncenter size-full wp-image-592\" title=\"carteblog\" src=\"http:\/\/liseduclaux.be\/blog\/wp-content\/uploads\/2010\/11\/carteblog.jpg\" alt=\"\" width=\"600\" height=\"402\" srcset=\"https:\/\/liseduclaux.be\/blog\/wp-content\/uploads\/2010\/11\/carteblog.jpg 600w, https:\/\/liseduclaux.be\/blog\/wp-content\/uploads\/2010\/11\/carteblog-300x201.jpg 300w\" sizes=\"(max-width: 600px) 100vw, 600px\" \/><\/p>\n<p style=\"text-align: center;\"><img loading=\"lazy\" decoding=\"async\" class=\"aligncenter size-full wp-image-908\" title=\"vitrine16janvier\" src=\"http:\/\/liseduclaux.be\/blog\/wp-content\/uploads\/2011\/01\/vitrine16janvier.jpg\" alt=\"\" width=\"600\" height=\"338\" srcset=\"https:\/\/liseduclaux.be\/blog\/wp-content\/uploads\/2011\/01\/vitrine16janvier.jpg 600w, https:\/\/liseduclaux.be\/blog\/wp-content\/uploads\/2011\/01\/vitrine16janvier-300x169.jpg 300w\" sizes=\"(max-width: 600px) 100vw, 600px\" \/><\/p>\n<p style=\"text-align: center;\">\n<p style=\"text-align: center;\"><strong>inventaire des plantes de bruxelles<\/strong> install\u00e9es, recueillies, mortes et d\u00e9rob\u00e9es<br \/>\n2 derni\u00e8res pages pr\u00e9sent\u00e9es dans la vitrine - work in progress<\/p>\n<p style=\"text-align: center;\"><img loading=\"lazy\" decoding=\"async\" class=\"aligncenter size-full wp-image-915\" title=\"bouturesnbdec\" src=\"http:\/\/liseduclaux.be\/blog\/wp-content\/uploads\/2011\/01\/extrait-inventaires_21sept_15janv01.jpg\" alt=\"\" width=\"600\" height=\"590\" srcset=\"https:\/\/liseduclaux.be\/blog\/wp-content\/uploads\/2011\/01\/extrait-inventaires_21sept_15janv01.jpg 600w, https:\/\/liseduclaux.be\/blog\/wp-content\/uploads\/2011\/01\/extrait-inventaires_21sept_15janv01-300x295.jpg 300w\" sizes=\"(max-width: 600px) 100vw, 600px\" \/><\/p>\n<p style=\"text-align: center;\"><img loading=\"lazy\" decoding=\"async\" class=\"aligncenter size-full wp-image-916\" title=\"bouturesnbdec\" src=\"http:\/\/liseduclaux.be\/blog\/wp-content\/uploads\/2011\/01\/extrait-inventaires_21sept_15janv02.jpg\" alt=\"\" width=\"600\" height=\"581\" srcset=\"https:\/\/liseduclaux.be\/blog\/wp-content\/uploads\/2011\/01\/extrait-inventaires_21sept_15janv02.jpg 600w, https:\/\/liseduclaux.be\/blog\/wp-content\/uploads\/2011\/01\/extrait-inventaires_21sept_15janv02-300x290.jpg 300w\" sizes=\"(max-width: 600px) 100vw, 600px\" \/><\/p>\n<p style=\"text-align: center;\">\n<p style=\"text-align: center;\"><strong>flyer, dernier jour, journ\u00e9e exceptionnelle<\/strong><\/p>\n<p style=\"text-align: center;\"><strong><img loading=\"lazy\" decoding=\"async\" class=\"aligncenter size-full wp-image-853\" title=\"adopterillegallement\" src=\"http:\/\/liseduclaux.be\/blog\/wp-content\/uploads\/2011\/01\/adopterillegallement.jpg\" alt=\"\" width=\"400\" height=\"566\" srcset=\"https:\/\/liseduclaux.be\/blog\/wp-content\/uploads\/2011\/01\/adopterillegallement.jpg 400w, https:\/\/liseduclaux.be\/blog\/wp-content\/uploads\/2011\/01\/adopterillegallement-212x300.jpg 212w\" sizes=\"(max-width: 400px) 100vw, 400px\" \/><br \/>\n<\/strong><\/p>\n<p style=\"text-align: center;\"><strong>performance samedi 13 novembre 2010 - <\/strong>photos Bernard Agnias<span style=\"font-family: Verdana,Helvetica,Arial;\"> <\/span><\/p>\n<p><img loading=\"lazy\" decoding=\"async\" class=\"aligncenter size-full wp-image-605\" title=\"perf13nov08\" src=\"http:\/\/liseduclaux.be\/blog\/wp-content\/uploads\/2010\/11\/perf13nov08.jpg\" alt=\"\" width=\"600\" height=\"399\" srcset=\"https:\/\/liseduclaux.be\/blog\/wp-content\/uploads\/2010\/11\/perf13nov08.jpg 600w, https:\/\/liseduclaux.be\/blog\/wp-content\/uploads\/2010\/11\/perf13nov08-300x199.jpg 300w\" sizes=\"(max-width: 600px) 100vw, 600px\" \/><\/p>\n<p><img loading=\"lazy\" decoding=\"async\" class=\"aligncenter size-full wp-image-606\" title=\"perf13nov09\" src=\"http:\/\/liseduclaux.be\/blog\/wp-content\/uploads\/2010\/11\/perf13nov09.jpg\" alt=\"\" width=\"600\" height=\"399\" srcset=\"https:\/\/liseduclaux.be\/blog\/wp-content\/uploads\/2010\/11\/perf13nov09.jpg 600w, https:\/\/liseduclaux.be\/blog\/wp-content\/uploads\/2010\/11\/perf13nov09-300x199.jpg 300w\" sizes=\"(max-width: 600px) 100vw, 600px\" \/><\/p>\n<p><img loading=\"lazy\" decoding=\"async\" class=\"aligncenter size-full wp-image-613\" title=\"perf13nov05\" src=\"http:\/\/liseduclaux.be\/blog\/wp-content\/uploads\/2010\/11\/perf13nov05.jpg\" alt=\"\" width=\"600\" height=\"399\" srcset=\"https:\/\/liseduclaux.be\/blog\/wp-content\/uploads\/2010\/11\/perf13nov05.jpg 600w, https:\/\/liseduclaux.be\/blog\/wp-content\/uploads\/2010\/11\/perf13nov05-300x199.jpg 300w\" sizes=\"(max-width: 600px) 100vw, 600px\" \/><\/p>\n<p><img loading=\"lazy\" decoding=\"async\" class=\"aligncenter size-full wp-image-601\" title=\"perf13nov03\" src=\"http:\/\/liseduclaux.be\/blog\/wp-content\/uploads\/2010\/11\/perf13nov03.jpg\" alt=\"\" width=\"600\" height=\"399\" srcset=\"https:\/\/liseduclaux.be\/blog\/wp-content\/uploads\/2010\/11\/perf13nov03.jpg 600w, https:\/\/liseduclaux.be\/blog\/wp-content\/uploads\/2010\/11\/perf13nov03-300x199.jpg 300w\" sizes=\"(max-width: 600px) 100vw, 600px\" \/><\/p>\n<p><img loading=\"lazy\" decoding=\"async\" class=\"aligncenter size-full wp-image-600\" title=\"perf13nov02\" src=\"http:\/\/liseduclaux.be\/blog\/wp-content\/uploads\/2010\/11\/perf13nov02.jpg\" alt=\"\" width=\"600\" height=\"399\" srcset=\"https:\/\/liseduclaux.be\/blog\/wp-content\/uploads\/2010\/11\/perf13nov02.jpg 600w, https:\/\/liseduclaux.be\/blog\/wp-content\/uploads\/2010\/11\/perf13nov02-300x199.jpg 300w\" sizes=\"(max-width: 600px) 100vw, 600px\" \/><\/p>\n<p><img loading=\"lazy\" decoding=\"async\" class=\"aligncenter size-full wp-image-599\" title=\"perf13nov_01\" src=\"http:\/\/liseduclaux.be\/blog\/wp-content\/uploads\/2010\/11\/perf13nov_01.jpg\" alt=\"\" width=\"600\" height=\"399\" srcset=\"https:\/\/liseduclaux.be\/blog\/wp-content\/uploads\/2010\/11\/perf13nov_01.jpg 600w, https:\/\/liseduclaux.be\/blog\/wp-content\/uploads\/2010\/11\/perf13nov_01-300x199.jpg 300w\" sizes=\"(max-width: 600px) 100vw, 600px\" \/><\/p>\n<p><img loading=\"lazy\" decoding=\"async\" class=\"aligncenter size-full wp-image-604\" title=\"perf13nov07\" src=\"http:\/\/liseduclaux.be\/blog\/wp-content\/uploads\/2010\/11\/perf13nov07.jpg\" alt=\"\" width=\"600\" height=\"399\" srcset=\"https:\/\/liseduclaux.be\/blog\/wp-content\/uploads\/2010\/11\/perf13nov07.jpg 600w, https:\/\/liseduclaux.be\/blog\/wp-content\/uploads\/2010\/11\/perf13nov07-300x199.jpg 300w\" sizes=\"(max-width: 600px) 100vw, 600px\" \/><\/p>\n<p style=\"text-align: center;\"><img loading=\"lazy\" decoding=\"async\" class=\"aligncenter size-full wp-image-598\" title=\"laconsigneblog\" src=\"http:\/\/liseduclaux.be\/blog\/wp-content\/uploads\/2010\/11\/laconsigneblog.jpg\" alt=\"\" width=\"600\" height=\"401\" srcset=\"https:\/\/liseduclaux.be\/blog\/wp-content\/uploads\/2010\/11\/laconsigneblog.jpg 600w, https:\/\/liseduclaux.be\/blog\/wp-content\/uploads\/2010\/11\/laconsigneblog-300x200.jpg 300w\" sizes=\"(max-width: 600px) 100vw, 600px\" \/><\/p>\n<p style=\"text-align: center;\"><strong>performance samedi 25 septembre 2010<\/strong><\/p>\n<p style=\"text-align: center;\"><img loading=\"lazy\" decoding=\"async\" class=\"aligncenter size-full wp-image-783\" title=\"01-25sept\" src=\"http:\/\/liseduclaux.be\/blog\/wp-content\/uploads\/2011\/01\/01-25sept.jpg\" alt=\"\" width=\"600\" height=\"338\" srcset=\"https:\/\/liseduclaux.be\/blog\/wp-content\/uploads\/2011\/01\/01-25sept.jpg 600w, https:\/\/liseduclaux.be\/blog\/wp-content\/uploads\/2011\/01\/01-25sept-300x169.jpg 300w\" sizes=\"(max-width: 600px) 100vw, 600px\" \/><\/p>\n<p style=\"text-align: center;\"><img loading=\"lazy\" decoding=\"async\" class=\"aligncenter size-full wp-image-785\" title=\"04-25sept\" src=\"http:\/\/liseduclaux.be\/blog\/wp-content\/uploads\/2011\/01\/04-25sept.jpg\" alt=\"\" width=\"600\" height=\"338\" srcset=\"https:\/\/liseduclaux.be\/blog\/wp-content\/uploads\/2011\/01\/04-25sept.jpg 600w, https:\/\/liseduclaux.be\/blog\/wp-content\/uploads\/2011\/01\/04-25sept-300x169.jpg 300w\" sizes=\"(max-width: 600px) 100vw, 600px\" \/><\/p>\n<p style=\"text-align: center;\"><img loading=\"lazy\" decoding=\"async\" class=\"aligncenter size-full wp-image-786\" title=\"05-25sept\" src=\"http:\/\/liseduclaux.be\/blog\/wp-content\/uploads\/2011\/01\/05-25sept.jpg\" alt=\"\" width=\"600\" height=\"338\" srcset=\"https:\/\/liseduclaux.be\/blog\/wp-content\/uploads\/2011\/01\/05-25sept.jpg 600w, https:\/\/liseduclaux.be\/blog\/wp-content\/uploads\/2011\/01\/05-25sept-300x169.jpg 300w\" sizes=\"(max-width: 600px) 100vw, 600px\" \/><\/p>\n<p style=\"text-align: center;\">\n<p style=\"text-align: center;\"><img loading=\"lazy\" decoding=\"async\" class=\"aligncenter size-full wp-image-787\" title=\"06-25sept\" src=\"http:\/\/liseduclaux.be\/blog\/wp-content\/uploads\/2011\/01\/06-25sept.jpg\" alt=\"\" width=\"600\" height=\"338\" srcset=\"https:\/\/liseduclaux.be\/blog\/wp-content\/uploads\/2011\/01\/06-25sept.jpg 600w, https:\/\/liseduclaux.be\/blog\/wp-content\/uploads\/2011\/01\/06-25sept-300x169.jpg 300w\" sizes=\"(max-width: 600px) 100vw, 600px\" \/><\/p>\n<p style=\"text-align: center;\"><img loading=\"lazy\" decoding=\"async\" class=\"aligncenter size-full wp-image-784\" title=\"03-25sept\" src=\"http:\/\/liseduclaux.be\/blog\/wp-content\/uploads\/2011\/01\/03-25sept.jpg\" alt=\"\" width=\"600\" height=\"338\" srcset=\"https:\/\/liseduclaux.be\/blog\/wp-content\/uploads\/2011\/01\/03-25sept.jpg 600w, https:\/\/liseduclaux.be\/blog\/wp-content\/uploads\/2011\/01\/03-25sept-300x169.jpg 300w\" sizes=\"(max-width: 600px) 100vw, 600px\" \/><\/p>\n<p style=\"text-align: center;\"><strong>plantes de bruxelles \u00e0 bruxelles - septembre 2010<\/strong><\/p>\n<p><img loading=\"lazy\" decoding=\"async\" class=\"aligncenter size-full wp-image-547\" title=\"_JUL7295\" src=\"http:\/\/liseduclaux.be\/blog\/wp-content\/uploads\/2010\/10\/JUL7295.jpg\" alt=\"\" width=\"600\" height=\"393\" srcset=\"https:\/\/liseduclaux.be\/blog\/wp-content\/uploads\/2010\/10\/JUL7295.jpg 600w, https:\/\/liseduclaux.be\/blog\/wp-content\/uploads\/2010\/10\/JUL7295-300x196.jpg 300w\" sizes=\"(max-width: 600px) 100vw, 600px\" \/><\/p>\n","protected":false},"excerpt":{"rendered":"<p>Habiter po\u00e9tiquement le monde 25 septembre 10 \u2013 30 janvier 11 Exposition de r\u00e9ouverture LAM Lille M\u00e9tropole, mus\u00e9e d\u2019art moderne, d\u2019art contemporain et d\u2019art brut 1 all\u00e9e du Mus\u00e9e 59650 Villeneuve d\u2019Ascq, France http:\/\/www.musee-lam.fr lien: texte : Lise duclaux de Claire Leboss\u00e9, catalogue Habiter po\u00e9tiquement le monde, LAM, 2010 plantes de bruxelles,\u00a0 2008 \u00e0 nos [&hellip;]<\/p>\n","protected":false},"author":1,"featured_media":0,"comment_status":"closed","ping_status":"closed","sticky":false,"template":"","format":"standard","meta":{"footnotes":""},"categories":[4,27],"tags":[],"_links":{"self":[{"href":"https:\/\/liseduclaux.be\/blog\/index.php?rest_route=\/wp\/v2\/posts\/520"}],"collection":[{"href":"https:\/\/liseduclaux.be\/blog\/index.php?rest_route=\/wp\/v2\/posts"}],"about":[{"href":"https:\/\/liseduclaux.be\/blog\/index.php?rest_route=\/wp\/v2\/types\/post"}],"author":[{"embeddable":true,"href":"https:\/\/liseduclaux.be\/blog\/index.php?rest_route=\/wp\/v2\/users\/1"}],"replies":[{"embeddable":true,"href":"https:\/\/liseduclaux.be\/blog\/index.php?rest_route=%2Fwp%2Fv2%2Fcomments&post=520"}],"version-history":[{"count":128,"href":"https:\/\/liseduclaux.be\/blog\/index.php?rest_route=\/wp\/v2\/posts\/520\/revisions"}],"predecessor-version":[{"id":539,"href":"https:\/\/liseduclaux.be\/blog\/index.php?rest_route=\/wp\/v2\/posts\/520\/revisions\/539"}],"wp:attachment":[{"href":"https:\/\/liseduclaux.be\/blog\/index.php?rest_route=%2Fwp%2Fv2%2Fmedia&parent=520"}],"wp:term":[{"taxonomy":"category","embeddable":true,"href":"https:\/\/liseduclaux.be\/blog\/index.php?rest_route=%2Fwp%2Fv2%2Fcategories&post=520"},{"taxonomy":"post_tag","embeddable":true,"href":"https:\/\/liseduclaux.be\/blog\/index.php?rest_route=%2Fwp%2Fv2%2Ftags&post=520"}],"curies":[{"name":"wp","href":"https:\/\/api.w.org\/{rel}","templated":true}]}}