{"id":5616,"date":"2022-03-08T14:22:06","date_gmt":"2022-03-08T13:22:06","guid":{"rendered":"https:\/\/liseduclaux.be\/blog\/?p=5616"},"modified":"2022-06-09T13:58:06","modified_gmt":"2022-06-09T11:58:06","slug":"dans-le-fourbi-du-monde-musee-l","status":"publish","type":"post","link":"https:\/\/liseduclaux.be\/blog\/?p=5616","title":{"rendered":"dans le fourbi du monde - Mus\u00e9e L"},"content":{"rendered":"\n<p class=\"has-normal-font-size\"><strong>Magma, Triennal 10,<\/strong> Louvain-la-Neuve <br>group exhibition <strong>16 09 2012 - 28 11 2021<\/strong><\/p>\n\n\n\n<p><em>dans le fourbi du monde<\/em><br><strong>Intervention<\/strong> <strong>dans le Petit Cabinet des Histoires Naturelles du Mus\u00e9e L<\/strong><br>installation in situ, impression offset et digitale sur papier, formats variables, 2011 - 2021<br>Mus\u00e9e L, Louvain-la-Neuve<\/p>\n\n\n\n<div class=\"wp-block-image\"><figure class=\"aligncenter size-full is-resized\"><a href=\"https:\/\/liseduclaux.be\/blog\/wp-content\/uploads\/2022\/05\/AAN4506.jpg\"><img loading=\"lazy\" decoding=\"async\" src=\"https:\/\/liseduclaux.be\/blog\/wp-content\/uploads\/2022\/05\/AAN4506.jpg\" alt=\"\" class=\"wp-image-5622\" width=\"600\" height=\"400\"\/><\/a><\/figure><\/div>\n\n\n\n<p><\/p>\n\n\n\n<div class=\"wp-block-image\"><figure class=\"aligncenter size-full is-resized\"><a href=\"https:\/\/liseduclaux.be\/blog\/wp-content\/uploads\/2022\/05\/AAN4509.jpg\"><img loading=\"lazy\" decoding=\"async\" src=\"https:\/\/liseduclaux.be\/blog\/wp-content\/uploads\/2022\/05\/AAN4509.jpg\" alt=\"\" class=\"wp-image-5621\" width=\"600\" height=\"400\"\/><\/a><\/figure><\/div>\n\n\n\n<div class=\"wp-block-image\"><figure class=\"aligncenter size-full is-resized\"><a href=\"https:\/\/liseduclaux.be\/blog\/wp-content\/uploads\/2022\/05\/AAN4529.jpg\"><img loading=\"lazy\" decoding=\"async\" src=\"https:\/\/liseduclaux.be\/blog\/wp-content\/uploads\/2022\/05\/AAN4529.jpg\" alt=\"\" class=\"wp-image-5620\" width=\"600\" height=\"400\"\/><\/a><\/figure><\/div>\n\n\n\n<p>installation in situ, impression offset et digitale sur papier, formats variables, 2015 - 2021<\/p>\n\n\n\n<p class=\"has-white-color has-text-color\">aaaaaaaaaaaaaaaaaaaaaaaaaaaaaaaaaaaaaaaaaaaaaaaaaaaaaaaaaaaaaaaa<br>aaaaaaaaaaaaaaaaaaaaaaaaaaaaaaaaaaaaaaaaaaaaaaaaaaaaaaaaaaaaaaaa<br>aaaaaaaaaaaaaaaaaaaaaaaaaaaaaaaaaaaaaaaaaaaaaaaaaaaaaaaaaaaaaaaa<br>aaaaaaaaaaaaaaaaaaaaaaaaaaaaaaaaaaaaaaaaaaaaaaaaaaaaaaaaaaaaaaaa<br>aaaaaaaaaaaaaaaaaaaaaaaaaaaaaaaaaaaaaaaaaaaaaaaaaaaaaaaaaaaaaaaa<br>aaaaaaaaaaaaaaaaaaaaaaaaaaaaaaaaaaaaaaaaaaaaaaaaaaaaaaaaaaaaaaaa<\/p>\n\n\n\n<div class=\"wp-block-image\"><figure class=\"aligncenter size-full is-resized\"><a href=\"https:\/\/liseduclaux.be\/blog\/wp-content\/uploads\/2022\/05\/AAN4484.jpg\"><img loading=\"lazy\" decoding=\"async\" src=\"https:\/\/liseduclaux.be\/blog\/wp-content\/uploads\/2022\/05\/AAN4484.jpg\" alt=\"\" class=\"wp-image-5619\" width=\"600\" height=\"400\"\/><\/a><\/figure><\/div>\n\n\n\n<div class=\"wp-block-image\"><figure class=\"aligncenter size-full is-resized\"><a href=\"https:\/\/liseduclaux.be\/blog\/wp-content\/uploads\/2022\/05\/AAN4489.jpg\"><img loading=\"lazy\" decoding=\"async\" src=\"https:\/\/liseduclaux.be\/blog\/wp-content\/uploads\/2022\/05\/AAN4489.jpg\" alt=\"\" class=\"wp-image-5618\" width=\"600\" height=\"400\"\/><\/a><\/figure><\/div>\n\n\n\n<p>installation in situ, impression offset et digitale sur papier, formats variables, 2014 - 2021<\/p>\n\n\n\n<p class=\"has-white-color has-text-color\">aaaaaaaaaaaaaaaaaaaaaaaaaaaaaaaaaaaaaaaaaaaaaaaaaaaaaaaaaaaaaaaa<\/p>\n\n\n\n<div class=\"wp-block-image\"><figure class=\"aligncenter size-full is-resized\"><a href=\"https:\/\/liseduclaux.be\/blog\/wp-content\/uploads\/2022\/05\/img0954-copy.jpg\"><img loading=\"lazy\" decoding=\"async\" src=\"https:\/\/liseduclaux.be\/blog\/wp-content\/uploads\/2022\/05\/img0954-copy.jpg\" alt=\"\" class=\"wp-image-5686\" width=\"600\" height=\"1027\" srcset=\"https:\/\/liseduclaux.be\/blog\/wp-content\/uploads\/2022\/05\/img0954-copy.jpg 600w, https:\/\/liseduclaux.be\/blog\/wp-content\/uploads\/2022\/05\/img0954-copy-175x300.jpg 175w, https:\/\/liseduclaux.be\/blog\/wp-content\/uploads\/2022\/05\/img0954-copy-598x1024.jpg 598w\" sizes=\"(max-width: 600px) 100vw, 600px\" \/><\/a><\/figure><\/div>\n\n\n\n<p><em><strong>Drave printani\u00e8re<\/strong>,<\/em> (Draba verna)<br>dessin faisant face au Petit Cabinet des Histoires Naturelles <br>encre pigmentaire sur papier, peinture et crayons de couleur, 21 x 29,7 cm, 2021<\/p>\n\n\n\n<p>Beaucoup plus grande sur papier que dans la vie, discr\u00e8te et minuscule rencontr\u00e9e pour la premi\u00e8re fois place de la croix du sud \u00e0 Louvain-la-Neuve, signe du retour du printemps, ses fleurs ne s\u2019ouvrent qu\u2019\u00e0 ciel d\u00e9couvert. Mutante et polymorphe, vivant sur tous les continents, trop pr\u00e9coce pour esp\u00e9rer \u00eatre butin\u00e9e, elle assure seule sa pollinisation en un temps record, avant de dispara\u00eetre aux pr\u00e9mices de l\u2019\u00e9t\u00e9.<\/p>\n","protected":false},"excerpt":{"rendered":"<p>Magma, Triennal 10, Louvain-la-Neuve group exhibition 16 09 2012 - 28 11 2021 dans le fourbi du mondeIntervention dans le Petit Cabinet des Histoires Naturelles du Mus\u00e9e Linstallation in situ, impression offset et digitale sur papier, formats variables, 2011 - 2021Mus\u00e9e L, Louvain-la-Neuve installation in situ, impression offset et digitale sur papier, formats variables, 2015 [&hellip;]<\/p>\n","protected":false},"author":1,"featured_media":0,"comment_status":"closed","ping_status":"open","sticky":false,"template":"","format":"standard","meta":{"footnotes":""},"categories":[75,4],"tags":[],"_links":{"self":[{"href":"https:\/\/liseduclaux.be\/blog\/index.php?rest_route=\/wp\/v2\/posts\/5616"}],"collection":[{"href":"https:\/\/liseduclaux.be\/blog\/index.php?rest_route=\/wp\/v2\/posts"}],"about":[{"href":"https:\/\/liseduclaux.be\/blog\/index.php?rest_route=\/wp\/v2\/types\/post"}],"author":[{"embeddable":true,"href":"https:\/\/liseduclaux.be\/blog\/index.php?rest_route=\/wp\/v2\/users\/1"}],"replies":[{"embeddable":true,"href":"https:\/\/liseduclaux.be\/blog\/index.php?rest_route=%2Fwp%2Fv2%2Fcomments&post=5616"}],"version-history":[{"count":33,"href":"https:\/\/liseduclaux.be\/blog\/index.php?rest_route=\/wp\/v2\/posts\/5616\/revisions"}],"predecessor-version":[{"id":5742,"href":"https:\/\/liseduclaux.be\/blog\/index.php?rest_route=\/wp\/v2\/posts\/5616\/revisions\/5742"}],"wp:attachment":[{"href":"https:\/\/liseduclaux.be\/blog\/index.php?rest_route=%2Fwp%2Fv2%2Fmedia&parent=5616"}],"wp:term":[{"taxonomy":"category","embeddable":true,"href":"https:\/\/liseduclaux.be\/blog\/index.php?rest_route=%2Fwp%2Fv2%2Fcategories&post=5616"},{"taxonomy":"post_tag","embeddable":true,"href":"https:\/\/liseduclaux.be\/blog\/index.php?rest_route=%2Fwp%2Fv2%2Ftags&post=5616"}],"curies":[{"name":"wp","href":"https:\/\/api.w.org\/{rel}","templated":true}]}}